{"id":8694,"date":"2019-04-30T15:42:43","date_gmt":"2019-04-30T12:42:43","guid":{"rendered":"https:\/\/gnistan.fi\/?p=8694"},"modified":"2019-10-09T14:37:55","modified_gmt":"2019-10-09T11:37:55","slug":"kausiennakko-uudistunut-gnistan-valmiina-kauteen-2","status":"publish","type":"post","link":"https:\/\/gnistan.fi\/sv\/2019\/04\/kausiennakko-uudistunut-gnistan-valmiina-kauteen-2\/","title":{"rendered":"Kausiennakko: Uudistunut Gnistan valmiina kauteen"},"content":{"rendered":"<p><figure id=\"attachment_8735\" aria-describedby=\"caption-attachment-8735\" style=\"width: 548px\" class=\"wp-caption aligncenter\"><img fetchpriority=\"high\" decoding=\"async\" class=\"wp-image-8735\" src=\"https:\/\/gnistan.fi\/wp-content\/uploads\/2019\/04\/16-1024x683.jpg\" alt=\"\" width=\"548\" height=\"366\"><figcaption id=\"caption-attachment-8735\" class=\"wp-caption-text\">Kuva: Arto Alho<\/figcaption><\/figure><br \/>\n<strong>Viime kaudesta pelaajistoaan uudistanut Gnistan l\u00e4htee t\u00e4ll\u00e4 viikolla alkavaan sarjakauteen italialaisen Roberto Nuccion johdolla, jolle tuleva kausi on toinen kokonainen seuran per\u00e4simess\u00e4. Talven aikana Gnistan on onnistunut tekem\u00e4\u00e4n mielenkiintoisia pelaaja hankintoja, jotka varmasti tuovat v\u00e4ri\u00e4 sek\u00e4 mielenkiintoa tulevaan Kakkosen kauteen.<!--more--><\/strong><br \/>\n<strong>Viime kausi p\u00e4\u00e4ttyi kuudenteen sijaan<br \/>\n<\/strong><br \/>\nKauteen 2018 l\u00e4hdett\u00e4ess\u00e4 Gnistan nostettiin monissa ennakkospekulaatiossa sarjan k\u00e4rkijoukkueisiin. Viidell\u00e4 per\u00e4kk\u00e4isell\u00e4 voitolla kautensa aloittaneen Gnistanin peli alkoi yski\u00e4 kes\u00e4kuussa ja loppukautta varjosti turhan monet pistemenetykset. Kaudella 2018 Kakkosen A-lohko oli kuitenkin eritt\u00e4in tasainen ja viimeisille kierroksille l\u00e4hdett\u00e4ess\u00e4 useampi joukkue Gnistan mukaan lukien taisteli nousukarsintapaikasta. Syksyn komeetaksi noussut MYPA veti pisimm\u00e4n korren usean joukkueen kilpajuoksussa voittaen lohkon ja lopulta Gnistanin oli tyytyminen kuudenteen sijaan.<br \/>\n<strong>Gnistan pelaa B-lohkossa kaudella 2019<\/strong><br \/>\nTulevalla kaudella Gnistan l\u00e4htee jahtaamaan menestyst\u00e4 Kakkosen B-lohkossa. P\u00e4\u00e4kaupunkiseudulta Kipin\u00e4n haastavat paikalliskilpailija K\u00e4pyl\u00e4n Pallo, Kakkosen k\u00e4rkijoukkueisiin 2010-luvulla useasti kuulunut Grankulla IFK sek\u00e4 espoolaiset FC Espoo, Honka\/Akatemia ja EPS. Muilta osin lohkon runko rakentuu L\u00e4nsi-Suomen joukkueista, joita Gnistan ei ole kohdannut viime vuosien aikana ja t\u00e4m\u00e4 tuonee kauteen mukavasti lis\u00e4v\u00e4ri\u00e4.<br \/>\nTalvikauden aikana lohkossa on n\u00e4hty muutamia mielenkiintoisia pelaajahankintoja. FC Espoo on vahvistanut merkitt\u00e4v\u00e4sti hy\u00f6kk\u00e4ysp\u00e4\u00e4t\u00e4\u00e4n, sill\u00e4 jo viime kaudella runsaasti maaliverkkoja heilutelleiden <strong>Samuli Heiskan<\/strong> ja <strong>Valdrin Rashican<\/strong> seuraksi hankittiin rutinoitunut Kakkosen hy\u00f6kk\u00e4\u00e4j\u00e4 <strong>Jaakko Oksanen<\/strong>. Seuraikoneihinsa edelleen luottava Grankulla IFK vahvistui kauden alla laitapuolustaja <strong>Vili Nystr\u00f6mill\u00e4<\/strong>, jonka nimi kannattaa painaa mieleen. Toista per\u00e4kk\u00e4ist\u00e4 kauttaan Kakkosessa aloitteleva KaaPo vahvistui merkitt\u00e4v\u00e4sti maaliskuun lopussa TPS:ss\u00e4 Ykk\u00f6st\u00e4 sek\u00e4 Veikkausliigaa pelanneella keskikentt\u00e4pelaaja <strong>Niklas Blomqvistilla<\/strong>. Useita kausia uransa aikana ylemmill\u00e4 sarjatasoilla pelannut Pallo-Iirojen<strong> Jussi Aalto<\/strong> jatkaa nousijajoukkueen riveiss\u00e4 my\u00f6s t\u00e4ll\u00e4 kaudella.<br \/>\nMuista lohkon joukkueista kannattaa pit\u00e4\u00e4 silm\u00e4ll\u00e4 FC Jazzin <strong>Juho Lehtosta<\/strong> sek\u00e4 K\u00e4Pan <strong>Chinedu Akuvuota<\/strong>, joilta l\u00f6ytyy potentiaalia isoihin maalim\u00e4\u00e4riin.<br \/>\nOman mielenkiintonsa tulevaan kauteen tuo muuttunut nousuj\u00e4rjestelm\u00e4. Nousukarsintojen sijaan jokaisen lohkon nelj\u00e4 parasta joukkuetta pelaavat kesken\u00e4\u00e4n loppusarjan, jonka voittaja nousee Ykk\u00f6seen kauden p\u00e4\u00e4tteeksi.<br \/>\n<strong>Suomen Cupin menestys talvikauden helmen\u00e4<\/strong><br \/>\nGnistan osallistui talvikauden aikana tutusti Suomen Cupiin sek\u00e4 ensimm\u00e4ist\u00e4 kertaa pelattuun Busmo Winter Cupiin. Suomen Cupissa Gnistan eteni 14. kes\u00e4kuuta pelattavaan Kakkosen Cupin finaaliin saakka. Matkan varrella kaatuivat ensin lohkovaiheessa FC Viikingit sek\u00e4 GrIFK, puoliv\u00e4lier\u00e4ss\u00e4 FC Honka\/Akatemia ja v\u00e4lier\u00e4ss\u00e4 Gnistan teki voitokkaan reissun Joensuuhun, jossa JIPPO kaatui maalein 1-2.<br \/>\nEteneminen Kakkosen Cupin loppuotteluun tiesi samalla sit\u00e4, ett\u00e4 Gnistan p\u00e4\u00e4si mittelem\u00e4\u00e4n voimiaan itse Suomen Cupin pudotuspelivaiheeseen Veikkausliigassa pelaavaa VPS:\u00e4\u00e4 vastaan. Gnistan antoi VPS:lle hyv\u00e4n vastuksen taipuen kuitenkin lopulta tappioon jatkoajan j\u00e4lkeen lukemin 1-3.<br \/>\nBusmo Winter Cupissa Gnistan sijoittui lopulta kolmanneksi kaatamalla pronssiottelussa EPS:n 3-2. Lohkovaiheessa Kipin\u00e4 tasasi pisteet Kiffeni\u00e4 sek\u00e4 PK-35:a vastaan lukemin 1-1 ja varmisti lohkon kakkostilan kaatamalla FC Espoon, mutta v\u00e4lier\u00e4ss\u00e4 paikallisvastustaja K\u00e4Pa oli parempi luvuin 2-0. Cup-otteluiden lis\u00e4ksi Gnistan kohtasi harjoitusotteluissa vieraskent\u00e4ll\u00e4 KTP:n sek\u00e4 J\u00e4PS:n, jonka Gnistan l\u00f6i komeasti murskaluvuin 1-7. KTP:t\u00e4 vastaan maaliskuussa pelattu harjoitusottelu p\u00e4\u00e4ttyi puolestaan 2-2-tasapeliin. Huhtikuun lopussa Gnistan matkusti Tallinnaan harjoitusleirille, jonka yhteydess\u00e4 keltapaidat pelasivat harjoitusottelun virolaista TJK Legionia vastaan. Ottelu p\u00e4\u00e4ttyi Gnistanin 1-4-voittoon.<br \/>\n<strong>Joukkue mielenkiintoinen sekoitus kokemusta ja nuoruutta<\/strong><br \/>\nGnistanin tulevan kauden joukkue alkoi hahmottua jo marraskuussa, kun seura julkisti t\u00e4rke\u00e4t jatkosopimukset <strong>Gullit Zolameson<\/strong> sek\u00e4 <strong>Cherif Ndiayen<\/strong> kanssa. Joukkue alkoi saada lopullista muotoaan tammikuussa julkistettujen useiden sopimusten my\u00f6t\u00e4 ja lopputalven aikana Gnistan teki viel\u00e4 muutaman t\u00e4sm\u00e4hankinnan. Talven aikana tehdyn uudistuksen my\u00f6t\u00e4 moni viime kaudella seuraa edustanut pelaaja vaihtoi maisemaa. Veikkausliigaan noussut HIFK p\u00e4\u00e4tyi samaan ratkaisuun, jonka my\u00f6t\u00e4 Gnistan onnistui kiinnitt\u00e4m\u00e4\u00e4n miehist\u00f6\u00f6ns\u00e4 muutamia ilman jatkosopimusta j\u00e4\u00e4neit\u00e4 pelaajia. Kokemuksen lis\u00e4ksi Gnistanin riveist\u00e4 l\u00f6ytyy tulevallakin kaudella tukku nuorta voimaa sek\u00e4 parhaassa peli-i\u00e4ss\u00e4 olevia pelureita.<br \/>\nMaalivahtiosaston muodostavat nuoret <strong>Aatu Hakala<\/strong>, <strong>Salifu Senghore<\/strong> sek\u00e4 Gnistanin oma kasvatti <strong>Aleksi Ahonen<\/strong>. 18-vuotias Hakala kantoi torjuntavastuuta l\u00e4pi viime kauden tehden l\u00e4pimurtonsa Kakkosessa, kun puolestaan Senghore sek\u00e4 Ahonen eiv\u00e4t ole viel\u00e4 tehneet debyytti\u00e4\u00e4n kyseisell\u00e4 sarjatasolla.<br \/>\nPuolustusosastoaan Gnistan vahvisti HIFK:sta siirtyneell\u00e4 toppari <strong>Pauli Kuusij\u00e4rvell\u00e4<\/strong>, joka edusti Kipin\u00e4\u00e4 vuonna 2013 Kakkosessa. HIFK:ssa Kuusij\u00e4rvi pelasi 37 peli\u00e4 Ykk\u00f6st\u00e4 sek\u00e4 59 peli\u00e4 Veikkausliigaa ennen paluutaan Gnistaniin. H\u00e4nen lis\u00e4kseen toppariosastoa vahvistaa PKKU:sta Gnistaniin siirtynyt 21-vuotias <strong>Touko Laakkonen<\/strong>, jonka alkukausi menee kuitenkin l\u00e4hes koko talvikauden vaivanneesta loukkaantumisesta toipuessa. Tammikuussa joukkueeseen liittynyt Gnistanin oma kasvatti <strong>Richard Tiberi<\/strong> on n\u00e4hty talvikauden peleiss\u00e4 niin topparina kuin hy\u00f6kk\u00e4\u00e4j\u00e4n\u00e4kin. Kesken viime kauden Karjaalta siirtynyt toppari Cherif Ndiaye jatkaa Gnistan-paidasssa ja on odotettavissa, ett\u00e4 mies kuuluu joukkueen avainpelaajiin. Laitapuolustajan tontille hankittiin Gnistanin paidassa Ykk\u00f6st\u00e4 pelannut <strong>Patrick Aaltonen<\/strong>. H\u00e4nen lis\u00e4kseen nuorta voimaa osastolle tuovat Kiffenist\u00e4 Kipin\u00e4\u00e4n kehittym\u00e4\u00e4n tullut 21-vuotias <strong>Ilmari Hieta<\/strong> sek\u00e4 HIFK:n organisaatiosta Gnistaniin siirtynyt 21-vuotias <strong>Joonas Salmi<\/strong>.<br \/>\nGnistan vahvisti maaliskuussa keskikentt\u00e4\u00e4 kokeneella paluumuuttajalla, kun kaudella 2017 Ykk\u00f6sess\u00e4 11 ottelua pelannut japanilainen <strong>Hidetoshi Wakui<\/strong> siirtyi Viron p\u00e4\u00e4sarjan Kalev Tallinnista Kipin\u00e4n paitaan. Gnistanin testattavana talvella ollut <strong>Benjamin Thurling<\/strong> vakuutti valmennusjohdon otteillaan, joten viime kaudella FC Viikinkej\u00e4 edustanut 21-vuotias keskikentt\u00e4pelaaja liittyi Kipin\u00e4n sopimuspelaajiin maaliskuun lopulla. Kolmas uusi nimi on Viikingeist\u00e4 Gnistaniin siirtynyt 23-vuotias <strong>Karim Jmaali<\/strong>, joka pystyy tarvittaessa pelaamaan my\u00f6s hy\u00f6kk\u00e4\u00e4j\u00e4n paikalla. Heid\u00e4n lis\u00e4kseen nuorta voimaa keskikent\u00e4n keskustaan tuo jo viime kaudella seuraa edustanut 18-vuotias <strong>Onni Tiihonen<\/strong>. Keskikent\u00e4n laidalla viime kauden avainpelaaja Gullit Zolameso sek\u00e4 vahvoja otteita talvikauden otteluissa esitt\u00e4nyt <strong>Jesse Ahonen<\/strong> tulevat varmasti olemaan t\u00e4rkeit\u00e4 palasia tulevan kauden joukkueessa. Monik\u00e4ytt\u00f6inen laitapelaaja <strong>Saloum Faal<\/strong> aloittaa ensimm\u00e4isen t\u00e4yden kautensa Kipin\u00e4n vahvuudessa.<br \/>\nHy\u00f6kk\u00e4\u00e4j\u00e4osasto sai kaivatun paluumuuttajan tammikuussa<strong> Tuomas Mustosen<\/strong> siirrytty\u00e4 HIFK:sta Gnistanin vahvuuteen. Mustosen kanssa tehokkaan parivaljakon HIFK:ssa muodostanut <strong>Pekka Sihvola<\/strong> allekirjoitti nimens\u00e4 sopimuspaperiin maaliskuun puoliv\u00e4liss\u00e4. Kovia maalim\u00e4\u00e4ri\u00e4 ylemmill\u00e4 sarjatasoilla takonut Sihvola sek\u00e4 runsaasti johtajuutta joukkueeseen tuova Mustonen tulevat olemaan Gnistanin t\u00e4rkeimpi\u00e4 palasia tulevalla kaudella. Kahtena edellisen\u00e4 kautena Gnistanin tehokkaimpiin pelaajiin kuulunut <strong>Aleksander Akbar<\/strong> jatkaa joukkueessa ja h\u00e4n on hyv\u00e4n potkutekniikkansa vuoksi tehokas ase erityisesti erikoistilanteissa. Viime kauden tehokkaasti aloittanut <strong>Zakaria Kibona<\/strong> jatkaa Kipin\u00e4ss\u00e4 joulukuussa allekirjoittamansa jatkosopimuksen my\u00f6t\u00e4, joten hy\u00f6kk\u00e4\u00e4j\u00e4osastoa voi luonnehtia eritt\u00e4in vaaralliseksi.<br \/>\nT\u00e4m\u00e4n lis\u00e4ksi Gnistanin pelaajistosta l\u00f6ytyy lukusia A- ja B-juniori-ik\u00e4isi\u00e4 tulevaisuuden nimi\u00e4, jotka tulevat saamaan mahdollisuuden murtautua edustusjoukkueen pelaavaan kokoonpanoon tulevan kauden aikana.<br \/>\nGnistan matkustaa 4.5. sarjakauden avauksessa Poriin FC Jazzin vieraaksi. Ensimm\u00e4inen kotiottelu pelataan 11.5. Kaarinan Poikia vastaan. Ottelun ennakkoliput myy <a href=\"https:\/\/www.tiketti.fi\/if-gnistan-kotiottelut-2019-mustapekka-areena-helsinki-lippuja\/61521\">Tiketti<\/a>.<br \/>\n<strong>Talvikausi numeroina:<\/strong><br \/>\nVoitot: 8<br \/>\nTasapelit: 3<br \/>\nTappiot: 2<br \/>\nTehdyt maalit: 31<br \/>\nP\u00e4\u00e4stetyt maalit: 18<br \/>\n<strong>Pelaajasiirrot:<\/strong><br \/>\n<strong>Tulleet pelaajat:<\/strong><br \/>\nPauli Kuusij\u00e4rvi (HIFK)<br \/>\nTouko Laakkonen (PKKU)<br \/>\nRichard Tiberi (PKKU)<br \/>\nPatrick Aaltonen (PTT Rayong, Thaimaa)<br \/>\nJoonas Salmi (HIFK)<br \/>\nIlmari Hieta (Kiffen)<br \/>\nHidetoshi Wakui (Kalev Tallinn, Viro)<br \/>\nBenjamin Thurling (FC Viikingit)<br \/>\nKarim Jmaali (FC Viikingit)<br \/>\nPekka Sihvola (HIFK)<br \/>\nTuomas Mustonen (HIFK)<br \/>\n<strong>L\u00e4hteneet pelaajat:<\/strong><br \/>\nMarko Koskinen (PK-35)<br \/>\nJonathan Ndongala (FC Viikingit)<br \/>\nVili Roivainen (PK-35)<br \/>\nNiko Tirkkonen (PK-35)<br \/>\nJani Mahanen (PK-35)<br \/>\nTeimuraz Apriamashvili (FC Futura)<br \/>\nCassiano&nbsp; (ei seuraa)<br \/>\nFaraz Ahadi (FC Moosburg, Saksa)<br \/>\nTeemu Pastila (PK-35)<br \/>\nEero Fors\u00e9n (FC Kiffen)<br \/>\nAleksi Ristola (TiPS)<br \/>\nTaavi Laurits (JK Volta, Viro)<br \/>\n<img decoding=\"async\" class=\"aligncenter wp-image-8522\" src=\"https:\/\/gnistan.fi\/wp-content\/uploads\/2019\/04\/KausariMainosHinnat.jpg\" alt=\"\" width=\"555\" height=\"305\"><\/p>","protected":false},"excerpt":{"rendered":"<p>Viime kaudesta pelaajistoaan uudistanut Gnistan l\u00e4htee t\u00e4ll\u00e4 viikolla alkavaan sarjakauteen italialaisen Roberto Nuccion johdolla, jolle tuleva kausi on toinen kokonainen seuran per\u00e4simess\u00e4. Talven aikana Gnistan on onnistunut tekem\u00e4\u00e4n mielenkiintoisia pelaaja hankintoja, jotka varmasti tuovat v\u00e4ri\u00e4 sek\u00e4 mielenkiintoa tulevaan Kakkosen kauteen.<\/p>","protected":false},"author":5,"featured_media":36703,"comment_status":"closed","ping_status":"open","sticky":false,"template":"","format":"standard","meta":{"_acf_changed":false,"_jetpack_memberships_contains_paid_content":false,"footnotes":""},"categories":[24],"tags":[],"class_list":["post-8694","post","type-post","status-publish","format-standard","has-post-thumbnail","hentry","category-uutiset"],"acf":[],"yoast_head":"<!-- This site is optimized with the Yoast SEO plugin v27.4 - https:\/\/yoast.com\/product\/yoast-seo-wordpress\/ -->\n<title>Kausiennakko: Uudistunut Gnistan valmiina kauteen - IF Gnistan<\/title>\n<meta name=\"robots\" content=\"index, follow, max-snippet:-1, max-image-preview:large, max-video-preview:-1\" \/>\n<link rel=\"canonical\" href=\"https:\/\/gnistan.fi\/sv\/2019\/04\/kausiennakko-uudistunut-gnistan-valmiina-kauteen-2\/\" \/>\n<meta property=\"og:locale\" content=\"sv_SE\" \/>\n<meta property=\"og:type\" content=\"article\" \/>\n<meta property=\"og:title\" content=\"Kausiennakko: Uudistunut Gnistan valmiina kauteen - IF Gnistan\" \/>\n<meta property=\"og:description\" content=\"Viime kaudesta pelaajistoaan uudistanut Gnistan l\u00e4htee t\u00e4ll\u00e4 viikolla alkavaan sarjakauteen italialaisen Roberto Nuccion johdolla, jolle tuleva kausi on toinen kokonainen seuran per\u00e4simess\u00e4. Talven aikana Gnistan on onnistunut tekem\u00e4\u00e4n mielenkiintoisia pelaaja hankintoja, jotka varmasti tuovat v\u00e4ri\u00e4 sek\u00e4 mielenkiintoa tulevaan Kakkosen kauteen.\" \/>\n<meta property=\"og:url\" content=\"https:\/\/gnistan.fi\/sv\/2019\/04\/kausiennakko-uudistunut-gnistan-valmiina-kauteen-2\/\" \/>\n<meta property=\"og:site_name\" content=\"IF Gnistan\" \/>\n<meta property=\"article:publisher\" content=\"https:\/\/facebook.com\/ifgnistan\" \/>\n<meta property=\"article:published_time\" content=\"2019-04-30T12:42:43+00:00\" \/>\n<meta property=\"article:modified_time\" content=\"2019-10-09T11:37:55+00:00\" \/>\n<meta property=\"og:image\" content=\"https:\/\/gnistan.fi\/wp-content\/uploads\/2024\/11\/gnistan-default-featured-2024-c.webp\" \/>\n\t<meta property=\"og:image:width\" content=\"1920\" \/>\n\t<meta property=\"og:image:height\" content=\"1080\" \/>\n\t<meta property=\"og:image:type\" content=\"image\/webp\" \/>\n<meta name=\"author\" content=\"Julian\" \/>\n<meta name=\"twitter:card\" content=\"summary_large_image\" \/>\n<meta name=\"twitter:creator\" content=\"@ifgnistan1924\" \/>\n<meta name=\"twitter:site\" content=\"@ifgnistan1924\" \/>\n<meta name=\"twitter:label1\" content=\"Skriven av\" \/>\n\t<meta name=\"twitter:data1\" content=\"Julian\" \/>\n\t<meta name=\"twitter:label2\" content=\"Ber\u00e4knad l\u00e4stid\" \/>\n\t<meta name=\"twitter:data2\" content=\"6 minuter\" \/>\n<script type=\"application\/ld+json\" class=\"yoast-schema-graph\">{\"@context\":\"https:\\\/\\\/schema.org\",\"@graph\":[{\"@type\":\"Article\",\"@id\":\"https:\\\/\\\/gnistan.fi\\\/2019\\\/04\\\/kausiennakko-uudistunut-gnistan-valmiina-kauteen-2\\\/#article\",\"isPartOf\":{\"@id\":\"https:\\\/\\\/gnistan.fi\\\/2019\\\/04\\\/kausiennakko-uudistunut-gnistan-valmiina-kauteen-2\\\/\"},\"author\":{\"name\":\"Julian\",\"@id\":\"https:\\\/\\\/gnistan.fi\\\/#\\\/schema\\\/person\\\/020428cfaa897c2f5dc09ce9382c9214\"},\"headline\":\"Kausiennakko: Uudistunut Gnistan valmiina kauteen\",\"datePublished\":\"2019-04-30T12:42:43+00:00\",\"dateModified\":\"2019-10-09T11:37:55+00:00\",\"mainEntityOfPage\":{\"@id\":\"https:\\\/\\\/gnistan.fi\\\/2019\\\/04\\\/kausiennakko-uudistunut-gnistan-valmiina-kauteen-2\\\/\"},\"wordCount\":1188,\"publisher\":{\"@id\":\"https:\\\/\\\/gnistan.fi\\\/#organization\"},\"image\":{\"@id\":\"https:\\\/\\\/gnistan.fi\\\/2019\\\/04\\\/kausiennakko-uudistunut-gnistan-valmiina-kauteen-2\\\/#primaryimage\"},\"thumbnailUrl\":\"https:\\\/\\\/gnistan.fi\\\/wp-content\\\/uploads\\\/2024\\\/11\\\/gnistan-default-featured-2024-c.webp\",\"articleSection\":[\"Uutiset\"],\"inLanguage\":\"sv-SE\"},{\"@type\":\"WebPage\",\"@id\":\"https:\\\/\\\/gnistan.fi\\\/2019\\\/04\\\/kausiennakko-uudistunut-gnistan-valmiina-kauteen-2\\\/\",\"url\":\"https:\\\/\\\/gnistan.fi\\\/2019\\\/04\\\/kausiennakko-uudistunut-gnistan-valmiina-kauteen-2\\\/\",\"name\":\"Kausiennakko: Uudistunut Gnistan valmiina kauteen - IF Gnistan\",\"isPartOf\":{\"@id\":\"https:\\\/\\\/gnistan.fi\\\/#website\"},\"primaryImageOfPage\":{\"@id\":\"https:\\\/\\\/gnistan.fi\\\/2019\\\/04\\\/kausiennakko-uudistunut-gnistan-valmiina-kauteen-2\\\/#primaryimage\"},\"image\":{\"@id\":\"https:\\\/\\\/gnistan.fi\\\/2019\\\/04\\\/kausiennakko-uudistunut-gnistan-valmiina-kauteen-2\\\/#primaryimage\"},\"thumbnailUrl\":\"https:\\\/\\\/gnistan.fi\\\/wp-content\\\/uploads\\\/2024\\\/11\\\/gnistan-default-featured-2024-c.webp\",\"datePublished\":\"2019-04-30T12:42:43+00:00\",\"dateModified\":\"2019-10-09T11:37:55+00:00\",\"breadcrumb\":{\"@id\":\"https:\\\/\\\/gnistan.fi\\\/2019\\\/04\\\/kausiennakko-uudistunut-gnistan-valmiina-kauteen-2\\\/#breadcrumb\"},\"inLanguage\":\"sv-SE\",\"potentialAction\":[{\"@type\":\"ReadAction\",\"target\":[\"https:\\\/\\\/gnistan.fi\\\/2019\\\/04\\\/kausiennakko-uudistunut-gnistan-valmiina-kauteen-2\\\/\"]}]},{\"@type\":\"ImageObject\",\"inLanguage\":\"sv-SE\",\"@id\":\"https:\\\/\\\/gnistan.fi\\\/2019\\\/04\\\/kausiennakko-uudistunut-gnistan-valmiina-kauteen-2\\\/#primaryimage\",\"url\":\"https:\\\/\\\/gnistan.fi\\\/wp-content\\\/uploads\\\/2024\\\/11\\\/gnistan-default-featured-2024-c.webp\",\"contentUrl\":\"https:\\\/\\\/gnistan.fi\\\/wp-content\\\/uploads\\\/2024\\\/11\\\/gnistan-default-featured-2024-c.webp\",\"width\":1920,\"height\":1080},{\"@type\":\"BreadcrumbList\",\"@id\":\"https:\\\/\\\/gnistan.fi\\\/2019\\\/04\\\/kausiennakko-uudistunut-gnistan-valmiina-kauteen-2\\\/#breadcrumb\",\"itemListElement\":[{\"@type\":\"ListItem\",\"position\":1,\"name\":\"Etusivu\",\"item\":\"https:\\\/\\\/gnistan.fi\\\/\"},{\"@type\":\"ListItem\",\"position\":2,\"name\":\"Kausiennakko: Uudistunut Gnistan valmiina kauteen\"}]},{\"@type\":\"WebSite\",\"@id\":\"https:\\\/\\\/gnistan.fi\\\/#website\",\"url\":\"https:\\\/\\\/gnistan.fi\\\/\",\"name\":\"IF Gnistan\",\"description\":\"Viralliset sivut\",\"publisher\":{\"@id\":\"https:\\\/\\\/gnistan.fi\\\/#organization\"},\"potentialAction\":[{\"@type\":\"SearchAction\",\"target\":{\"@type\":\"EntryPoint\",\"urlTemplate\":\"https:\\\/\\\/gnistan.fi\\\/?s={search_term_string}\"},\"query-input\":{\"@type\":\"PropertyValueSpecification\",\"valueRequired\":true,\"valueName\":\"search_term_string\"}}],\"inLanguage\":\"sv-SE\"},{\"@type\":\"Organization\",\"@id\":\"https:\\\/\\\/gnistan.fi\\\/#organization\",\"name\":\"IF Gnistan\",\"url\":\"https:\\\/\\\/gnistan.fi\\\/\",\"logo\":{\"@type\":\"ImageObject\",\"inLanguage\":\"sv-SE\",\"@id\":\"https:\\\/\\\/gnistan.fi\\\/#\\\/schema\\\/logo\\\/image\\\/\",\"url\":\"https:\\\/\\\/gnistan.fi\\\/wp-content\\\/uploads\\\/2019\\\/10\\\/if-gnistan-vector-logo.svg\",\"contentUrl\":\"https:\\\/\\\/gnistan.fi\\\/wp-content\\\/uploads\\\/2019\\\/10\\\/if-gnistan-vector-logo.svg\",\"width\":269,\"height\":314,\"caption\":\"IF Gnistan\"},\"image\":{\"@id\":\"https:\\\/\\\/gnistan.fi\\\/#\\\/schema\\\/logo\\\/image\\\/\"},\"sameAs\":[\"https:\\\/\\\/facebook.com\\\/ifgnistan\",\"https:\\\/\\\/x.com\\\/ifgnistan1924\",\"https:\\\/\\\/instagram.com\\\/ifgnistan1924\",\"https:\\\/\\\/www.linkedin.com\\\/company\\\/ifgnistan\\\/\"]},{\"@type\":\"Person\",\"@id\":\"https:\\\/\\\/gnistan.fi\\\/#\\\/schema\\\/person\\\/020428cfaa897c2f5dc09ce9382c9214\",\"name\":\"Julian\",\"image\":{\"@type\":\"ImageObject\",\"inLanguage\":\"sv-SE\",\"@id\":\"https:\\\/\\\/secure.gravatar.com\\\/avatar\\\/1e9045b7beec3b43bf18e89ccb6248f8424fd58ea4beb22fbb75d340214cb3f3?s=96&d=mm&r=g\",\"url\":\"https:\\\/\\\/secure.gravatar.com\\\/avatar\\\/1e9045b7beec3b43bf18e89ccb6248f8424fd58ea4beb22fbb75d340214cb3f3?s=96&d=mm&r=g\",\"contentUrl\":\"https:\\\/\\\/secure.gravatar.com\\\/avatar\\\/1e9045b7beec3b43bf18e89ccb6248f8424fd58ea4beb22fbb75d340214cb3f3?s=96&d=mm&r=g\",\"caption\":\"Julian\"},\"url\":\"https:\\\/\\\/gnistan.fi\\\/sv\\\/author\\\/julian\\\/\"}]}<\/script>\n<!-- \/ Yoast SEO plugin. -->","yoast_head_json":{"title":"Kausiennakko: Uudistunut Gnistan valmiina kauteen - IF Gnistan","robots":{"index":"index","follow":"follow","max-snippet":"max-snippet:-1","max-image-preview":"max-image-preview:large","max-video-preview":"max-video-preview:-1"},"canonical":"https:\/\/gnistan.fi\/sv\/2019\/04\/kausiennakko-uudistunut-gnistan-valmiina-kauteen-2\/","og_locale":"sv_SE","og_type":"article","og_title":"Kausiennakko: Uudistunut Gnistan valmiina kauteen - IF Gnistan","og_description":"Viime kaudesta pelaajistoaan uudistanut Gnistan l\u00e4htee t\u00e4ll\u00e4 viikolla alkavaan sarjakauteen italialaisen Roberto Nuccion johdolla, jolle tuleva kausi on toinen kokonainen seuran per\u00e4simess\u00e4. Talven aikana Gnistan on onnistunut tekem\u00e4\u00e4n mielenkiintoisia pelaaja hankintoja, jotka varmasti tuovat v\u00e4ri\u00e4 sek\u00e4 mielenkiintoa tulevaan Kakkosen kauteen.","og_url":"https:\/\/gnistan.fi\/sv\/2019\/04\/kausiennakko-uudistunut-gnistan-valmiina-kauteen-2\/","og_site_name":"IF Gnistan","article_publisher":"https:\/\/facebook.com\/ifgnistan","article_published_time":"2019-04-30T12:42:43+00:00","article_modified_time":"2019-10-09T11:37:55+00:00","og_image":[{"width":1920,"height":1080,"url":"https:\/\/gnistan.fi\/wp-content\/uploads\/2024\/11\/gnistan-default-featured-2024-c.webp","type":"image\/webp"}],"author":"Julian","twitter_card":"summary_large_image","twitter_creator":"@ifgnistan1924","twitter_site":"@ifgnistan1924","twitter_misc":{"Skriven av":"Julian","Ber\u00e4knad l\u00e4stid":"6 minuter"},"schema":{"@context":"https:\/\/schema.org","@graph":[{"@type":"Article","@id":"https:\/\/gnistan.fi\/2019\/04\/kausiennakko-uudistunut-gnistan-valmiina-kauteen-2\/#article","isPartOf":{"@id":"https:\/\/gnistan.fi\/2019\/04\/kausiennakko-uudistunut-gnistan-valmiina-kauteen-2\/"},"author":{"name":"Julian","@id":"https:\/\/gnistan.fi\/#\/schema\/person\/020428cfaa897c2f5dc09ce9382c9214"},"headline":"Kausiennakko: Uudistunut Gnistan valmiina kauteen","datePublished":"2019-04-30T12:42:43+00:00","dateModified":"2019-10-09T11:37:55+00:00","mainEntityOfPage":{"@id":"https:\/\/gnistan.fi\/2019\/04\/kausiennakko-uudistunut-gnistan-valmiina-kauteen-2\/"},"wordCount":1188,"publisher":{"@id":"https:\/\/gnistan.fi\/#organization"},"image":{"@id":"https:\/\/gnistan.fi\/2019\/04\/kausiennakko-uudistunut-gnistan-valmiina-kauteen-2\/#primaryimage"},"thumbnailUrl":"https:\/\/gnistan.fi\/wp-content\/uploads\/2024\/11\/gnistan-default-featured-2024-c.webp","articleSection":["Uutiset"],"inLanguage":"sv-SE"},{"@type":"WebPage","@id":"https:\/\/gnistan.fi\/2019\/04\/kausiennakko-uudistunut-gnistan-valmiina-kauteen-2\/","url":"https:\/\/gnistan.fi\/2019\/04\/kausiennakko-uudistunut-gnistan-valmiina-kauteen-2\/","name":"Kausiennakko: Uudistunut Gnistan valmiina kauteen - IF Gnistan","isPartOf":{"@id":"https:\/\/gnistan.fi\/#website"},"primaryImageOfPage":{"@id":"https:\/\/gnistan.fi\/2019\/04\/kausiennakko-uudistunut-gnistan-valmiina-kauteen-2\/#primaryimage"},"image":{"@id":"https:\/\/gnistan.fi\/2019\/04\/kausiennakko-uudistunut-gnistan-valmiina-kauteen-2\/#primaryimage"},"thumbnailUrl":"https:\/\/gnistan.fi\/wp-content\/uploads\/2024\/11\/gnistan-default-featured-2024-c.webp","datePublished":"2019-04-30T12:42:43+00:00","dateModified":"2019-10-09T11:37:55+00:00","breadcrumb":{"@id":"https:\/\/gnistan.fi\/2019\/04\/kausiennakko-uudistunut-gnistan-valmiina-kauteen-2\/#breadcrumb"},"inLanguage":"sv-SE","potentialAction":[{"@type":"ReadAction","target":["https:\/\/gnistan.fi\/2019\/04\/kausiennakko-uudistunut-gnistan-valmiina-kauteen-2\/"]}]},{"@type":"ImageObject","inLanguage":"sv-SE","@id":"https:\/\/gnistan.fi\/2019\/04\/kausiennakko-uudistunut-gnistan-valmiina-kauteen-2\/#primaryimage","url":"https:\/\/gnistan.fi\/wp-content\/uploads\/2024\/11\/gnistan-default-featured-2024-c.webp","contentUrl":"https:\/\/gnistan.fi\/wp-content\/uploads\/2024\/11\/gnistan-default-featured-2024-c.webp","width":1920,"height":1080},{"@type":"BreadcrumbList","@id":"https:\/\/gnistan.fi\/2019\/04\/kausiennakko-uudistunut-gnistan-valmiina-kauteen-2\/#breadcrumb","itemListElement":[{"@type":"ListItem","position":1,"name":"Etusivu","item":"https:\/\/gnistan.fi\/"},{"@type":"ListItem","position":2,"name":"Kausiennakko: Uudistunut Gnistan valmiina kauteen"}]},{"@type":"WebSite","@id":"https:\/\/gnistan.fi\/#website","url":"https:\/\/gnistan.fi\/","name":"IF Gnistan","description":"Viralliset sivut","publisher":{"@id":"https:\/\/gnistan.fi\/#organization"},"potentialAction":[{"@type":"SearchAction","target":{"@type":"EntryPoint","urlTemplate":"https:\/\/gnistan.fi\/?s={search_term_string}"},"query-input":{"@type":"PropertyValueSpecification","valueRequired":true,"valueName":"search_term_string"}}],"inLanguage":"sv-SE"},{"@type":"Organization","@id":"https:\/\/gnistan.fi\/#organization","name":"IF Gnistan","url":"https:\/\/gnistan.fi\/","logo":{"@type":"ImageObject","inLanguage":"sv-SE","@id":"https:\/\/gnistan.fi\/#\/schema\/logo\/image\/","url":"https:\/\/gnistan.fi\/wp-content\/uploads\/2019\/10\/if-gnistan-vector-logo.svg","contentUrl":"https:\/\/gnistan.fi\/wp-content\/uploads\/2019\/10\/if-gnistan-vector-logo.svg","width":269,"height":314,"caption":"IF Gnistan"},"image":{"@id":"https:\/\/gnistan.fi\/#\/schema\/logo\/image\/"},"sameAs":["https:\/\/facebook.com\/ifgnistan","https:\/\/x.com\/ifgnistan1924","https:\/\/instagram.com\/ifgnistan1924","https:\/\/www.linkedin.com\/company\/ifgnistan\/"]},{"@type":"Person","@id":"https:\/\/gnistan.fi\/#\/schema\/person\/020428cfaa897c2f5dc09ce9382c9214","name":"Julian","image":{"@type":"ImageObject","inLanguage":"sv-SE","@id":"https:\/\/secure.gravatar.com\/avatar\/1e9045b7beec3b43bf18e89ccb6248f8424fd58ea4beb22fbb75d340214cb3f3?s=96&d=mm&r=g","url":"https:\/\/secure.gravatar.com\/avatar\/1e9045b7beec3b43bf18e89ccb6248f8424fd58ea4beb22fbb75d340214cb3f3?s=96&d=mm&r=g","contentUrl":"https:\/\/secure.gravatar.com\/avatar\/1e9045b7beec3b43bf18e89ccb6248f8424fd58ea4beb22fbb75d340214cb3f3?s=96&d=mm&r=g","caption":"Julian"},"url":"https:\/\/gnistan.fi\/sv\/author\/julian\/"}]}},"jetpack_featured_media_url":"https:\/\/gnistan.fi\/wp-content\/uploads\/2024\/11\/gnistan-default-featured-2024-c.webp","jetpack_sharing_enabled":true,"_links":{"self":[{"href":"https:\/\/gnistan.fi\/sv\/wp-json\/wp\/v2\/posts\/8694","targetHints":{"allow":["GET"]}}],"collection":[{"href":"https:\/\/gnistan.fi\/sv\/wp-json\/wp\/v2\/posts"}],"about":[{"href":"https:\/\/gnistan.fi\/sv\/wp-json\/wp\/v2\/types\/post"}],"author":[{"embeddable":true,"href":"https:\/\/gnistan.fi\/sv\/wp-json\/wp\/v2\/users\/5"}],"replies":[{"embeddable":true,"href":"https:\/\/gnistan.fi\/sv\/wp-json\/wp\/v2\/comments?post=8694"}],"version-history":[{"count":0,"href":"https:\/\/gnistan.fi\/sv\/wp-json\/wp\/v2\/posts\/8694\/revisions"}],"wp:featuredmedia":[{"embeddable":true,"href":"https:\/\/gnistan.fi\/sv\/wp-json\/wp\/v2\/media\/36703"}],"wp:attachment":[{"href":"https:\/\/gnistan.fi\/sv\/wp-json\/wp\/v2\/media?parent=8694"}],"wp:term":[{"taxonomy":"category","embeddable":true,"href":"https:\/\/gnistan.fi\/sv\/wp-json\/wp\/v2\/categories?post=8694"},{"taxonomy":"post_tag","embeddable":true,"href":"https:\/\/gnistan.fi\/sv\/wp-json\/wp\/v2\/tags?post=8694"}],"curies":[{"name":"wp","href":"https:\/\/api.w.org\/{rel}","templated":true}]}}