{"id":7988,"date":"2019-01-11T19:12:05","date_gmt":"2019-01-11T17:12:05","guid":{"rendered":"https:\/\/gnistan.fi\/?p=7988"},"modified":"2019-10-09T14:38:08","modified_gmt":"2019-10-09T11:38:08","slug":"tuomas-mustonen-palaa-gnistaniin-2","status":"publish","type":"post","link":"https:\/\/gnistan.fi\/sv\/2019\/01\/tuomas-mustonen-palaa-gnistaniin-2\/","title":{"rendered":"Tuomas Mustonen palaa Gnistaniin"},"content":{"rendered":"<p><img fetchpriority=\"high\" decoding=\"async\" class=\"aligncenter wp-image-7999\" src=\"https:\/\/gnistan.fi\/wp-content\/uploads\/2019\/01\/mude2.jpg\" alt=\"\" width=\"564\" height=\"310\"><br \/>\n<strong>IF Gnistan ja Tuomas Mustonen ovat allekirjoittaneet ensi kauden kattavan pelaajasopimuksen.<!--more--><\/strong><br \/>\nTuomas Mustonen palaa ensi kaudeksi Gnistanin riveihin, jossa mies pelasi ensimm\u00e4iset ottelunsa jo vuonna 2006. Pitk\u00e4n uran Suomen kentill\u00e4 tehnyt 33-vuotias hy\u00f6kk\u00e4\u00e4j\u00e4 on pelannut Gnistan-paidassa yhteens\u00e4 kahdeksalla eri kaudella ja h\u00e4n oli nostamassa joukkuetta Ykk\u00f6seen vuonna 2016 lainapelaajana Helsingin IFK:sta. T\u00e4m\u00e4n j\u00e4lkeen miehen tie vei AC Ouluun, jossa h\u00e4n pelasi Ykk\u00f6st\u00e4 20 ottelua. Viime talvena Mustonen palasi HIFK:n riveihin ja h\u00e4n oli t\u00e4rke\u00e4 osa kauden p\u00e4\u00e4tteeksi Veikkausliigaan noussutta joukkuetta, sill\u00e4 &#8221;Mude&#8221; viimeisteli 19 ottelussa 12 maalia.<br \/>\nGnistan-paidassa uransa aikana 101 maalia tykitt\u00e4nyt hy\u00f6kk\u00e4\u00e4j\u00e4 on iloinen paluustaan tuttuun seuraan.<br \/>\n&#8211; Olen saanut Gnistanilta todella paljon, joten tuntuu todella hienolta palata seuraan. Tapio Rautavaaran sanoin; en vaihtaisi p\u00e4iv\u00e4\u00e4k\u00e4\u00e4n pois. Viime vuonna peli sek\u00e4 jalat kulkivat hyvin ja pian kauden p\u00e4\u00e4ttymisen j\u00e4lkeen teki mieli p\u00e4\u00e4st\u00e4 takaisin futiskentille. Gnistanista on osoitettu viime kauden p\u00e4\u00e4ttymisest\u00e4 l\u00e4htien kiinnostusta, joka on totta kai tuntunut hyv\u00e4lt\u00e4, kertoo Mustonen.<br \/>\n<strong>IF Gnistanin sopimustilanne 11.1.2019:<\/strong><br \/>\nAatu Hakala<br \/>\nAleksi Ahonen<br \/>\nSalifu Senghore<br \/>\nVili Tuittu<br \/>\nGlodson Luis<br \/>\nTommaso Conti<br \/>\nOnni Tiihonen<br \/>\nElias Lappalainen<br \/>\nGullit Zolameso<br \/>\nCherif Ndiaye<br \/>\nTouko Laakkonen<br \/>\nJesse Ahonen<br \/>\nZakaria Kibona<br \/>\nSaloum Faal<br \/>\nTuomas Mustonen<br \/>\n<strong>Gnistan-ikoni on palannut kotiin. Osta kausikorttisi ensi kaudelle <a href=\"https:\/\/www.tiketti.fi\/if-gnistan-2019-kausikortti-mustapekka-areena-helsinki-lippuja\/57937\">h\u00e4r<\/a> ja n\u00e4e &#8221;Mude&#8221; Gnistan-paidassa! <\/strong><br \/>\n<img decoding=\"async\" class=\"aligncenter wp-image-7982\" src=\"https:\/\/gnistan.fi\/wp-content\/uploads\/2019\/01\/TekstiTaustaKausariMainos.jpg\" alt=\"\" width=\"557\" height=\"306\"><\/p>","protected":false},"excerpt":{"rendered":"<p>IF Gnistan ja Tuomas Mustonen ovat allekirjoittaneet ensi kauden kattavan pelaajasopimuksen.<\/p>","protected":false},"author":5,"featured_media":36703,"comment_status":"closed","ping_status":"open","sticky":false,"template":"","format":"standard","meta":{"_acf_changed":false,"_jetpack_memberships_contains_paid_content":false,"footnotes":""},"categories":[24],"tags":[],"class_list":["post-7988","post","type-post","status-publish","format-standard","has-post-thumbnail","hentry","category-uutiset"],"acf":[],"yoast_head":"<!-- This site is optimized with the Yoast SEO plugin v27.5 - https:\/\/yoast.com\/product\/yoast-seo-wordpress\/ -->\n<title>Tuomas Mustonen palaa Gnistaniin - IF Gnistan<\/title>\n<meta name=\"robots\" content=\"index, follow, max-snippet:-1, max-image-preview:large, max-video-preview:-1\" \/>\n<link rel=\"canonical\" href=\"https:\/\/gnistan.fi\/sv\/2019\/01\/tuomas-mustonen-palaa-gnistaniin-2\/\" \/>\n<meta property=\"og:locale\" content=\"sv_SE\" \/>\n<meta property=\"og:type\" content=\"article\" \/>\n<meta property=\"og:title\" content=\"Tuomas Mustonen palaa Gnistaniin - IF Gnistan\" \/>\n<meta property=\"og:description\" content=\"IF Gnistan ja Tuomas Mustonen ovat allekirjoittaneet ensi kauden kattavan pelaajasopimuksen.\" \/>\n<meta property=\"og:url\" content=\"https:\/\/gnistan.fi\/sv\/2019\/01\/tuomas-mustonen-palaa-gnistaniin-2\/\" \/>\n<meta property=\"og:site_name\" content=\"IF Gnistan\" \/>\n<meta property=\"article:publisher\" content=\"https:\/\/facebook.com\/ifgnistan\" \/>\n<meta property=\"article:published_time\" content=\"2019-01-11T17:12:05+00:00\" \/>\n<meta property=\"article:modified_time\" content=\"2019-10-09T11:38:08+00:00\" \/>\n<meta property=\"og:image\" content=\"https:\/\/gnistan.fi\/wp-content\/uploads\/2024\/11\/gnistan-default-featured-2024-c.webp\" \/>\n\t<meta property=\"og:image:width\" content=\"1920\" \/>\n\t<meta property=\"og:image:height\" content=\"1080\" \/>\n\t<meta property=\"og:image:type\" content=\"image\/webp\" \/>\n<meta name=\"author\" content=\"Julian\" \/>\n<meta name=\"twitter:card\" content=\"summary_large_image\" \/>\n<meta name=\"twitter:creator\" content=\"@ifgnistan1924\" \/>\n<meta name=\"twitter:site\" content=\"@ifgnistan1924\" \/>\n<meta name=\"twitter:label1\" content=\"Skriven av\" \/>\n\t<meta name=\"twitter:data1\" content=\"Julian\" \/>\n\t<meta name=\"twitter:label2\" content=\"Ber\u00e4knad l\u00e4stid\" \/>\n\t<meta name=\"twitter:data2\" content=\"1 minut\" \/>\n<script type=\"application\/ld+json\" class=\"yoast-schema-graph\">{\"@context\":\"https:\\\/\\\/schema.org\",\"@graph\":[{\"@type\":\"Article\",\"@id\":\"https:\\\/\\\/gnistan.fi\\\/2019\\\/01\\\/tuomas-mustonen-palaa-gnistaniin-2\\\/#article\",\"isPartOf\":{\"@id\":\"https:\\\/\\\/gnistan.fi\\\/2019\\\/01\\\/tuomas-mustonen-palaa-gnistaniin-2\\\/\"},\"author\":{\"name\":\"Julian\",\"@id\":\"https:\\\/\\\/gnistan.fi\\\/#\\\/schema\\\/person\\\/020428cfaa897c2f5dc09ce9382c9214\"},\"headline\":\"Tuomas Mustonen palaa Gnistaniin\",\"datePublished\":\"2019-01-11T17:12:05+00:00\",\"dateModified\":\"2019-10-09T11:38:08+00:00\",\"mainEntityOfPage\":{\"@id\":\"https:\\\/\\\/gnistan.fi\\\/2019\\\/01\\\/tuomas-mustonen-palaa-gnistaniin-2\\\/\"},\"wordCount\":225,\"publisher\":{\"@id\":\"https:\\\/\\\/gnistan.fi\\\/#organization\"},\"image\":{\"@id\":\"https:\\\/\\\/gnistan.fi\\\/2019\\\/01\\\/tuomas-mustonen-palaa-gnistaniin-2\\\/#primaryimage\"},\"thumbnailUrl\":\"https:\\\/\\\/gnistan.fi\\\/wp-content\\\/uploads\\\/2024\\\/11\\\/gnistan-default-featured-2024-c.webp\",\"articleSection\":[\"Uutiset\"],\"inLanguage\":\"sv-SE\"},{\"@type\":\"WebPage\",\"@id\":\"https:\\\/\\\/gnistan.fi\\\/2019\\\/01\\\/tuomas-mustonen-palaa-gnistaniin-2\\\/\",\"url\":\"https:\\\/\\\/gnistan.fi\\\/2019\\\/01\\\/tuomas-mustonen-palaa-gnistaniin-2\\\/\",\"name\":\"Tuomas Mustonen palaa Gnistaniin - IF Gnistan\",\"isPartOf\":{\"@id\":\"https:\\\/\\\/gnistan.fi\\\/#website\"},\"primaryImageOfPage\":{\"@id\":\"https:\\\/\\\/gnistan.fi\\\/2019\\\/01\\\/tuomas-mustonen-palaa-gnistaniin-2\\\/#primaryimage\"},\"image\":{\"@id\":\"https:\\\/\\\/gnistan.fi\\\/2019\\\/01\\\/tuomas-mustonen-palaa-gnistaniin-2\\\/#primaryimage\"},\"thumbnailUrl\":\"https:\\\/\\\/gnistan.fi\\\/wp-content\\\/uploads\\\/2024\\\/11\\\/gnistan-default-featured-2024-c.webp\",\"datePublished\":\"2019-01-11T17:12:05+00:00\",\"dateModified\":\"2019-10-09T11:38:08+00:00\",\"breadcrumb\":{\"@id\":\"https:\\\/\\\/gnistan.fi\\\/2019\\\/01\\\/tuomas-mustonen-palaa-gnistaniin-2\\\/#breadcrumb\"},\"inLanguage\":\"sv-SE\",\"potentialAction\":[{\"@type\":\"ReadAction\",\"target\":[\"https:\\\/\\\/gnistan.fi\\\/2019\\\/01\\\/tuomas-mustonen-palaa-gnistaniin-2\\\/\"]}]},{\"@type\":\"ImageObject\",\"inLanguage\":\"sv-SE\",\"@id\":\"https:\\\/\\\/gnistan.fi\\\/2019\\\/01\\\/tuomas-mustonen-palaa-gnistaniin-2\\\/#primaryimage\",\"url\":\"https:\\\/\\\/gnistan.fi\\\/wp-content\\\/uploads\\\/2024\\\/11\\\/gnistan-default-featured-2024-c.webp\",\"contentUrl\":\"https:\\\/\\\/gnistan.fi\\\/wp-content\\\/uploads\\\/2024\\\/11\\\/gnistan-default-featured-2024-c.webp\",\"width\":1920,\"height\":1080},{\"@type\":\"BreadcrumbList\",\"@id\":\"https:\\\/\\\/gnistan.fi\\\/2019\\\/01\\\/tuomas-mustonen-palaa-gnistaniin-2\\\/#breadcrumb\",\"itemListElement\":[{\"@type\":\"ListItem\",\"position\":1,\"name\":\"Etusivu\",\"item\":\"https:\\\/\\\/gnistan.fi\\\/\"},{\"@type\":\"ListItem\",\"position\":2,\"name\":\"Tuomas Mustonen palaa Gnistaniin\"}]},{\"@type\":\"WebSite\",\"@id\":\"https:\\\/\\\/gnistan.fi\\\/#website\",\"url\":\"https:\\\/\\\/gnistan.fi\\\/\",\"name\":\"IF Gnistan\",\"description\":\"Viralliset sivut\",\"publisher\":{\"@id\":\"https:\\\/\\\/gnistan.fi\\\/#organization\"},\"potentialAction\":[{\"@type\":\"SearchAction\",\"target\":{\"@type\":\"EntryPoint\",\"urlTemplate\":\"https:\\\/\\\/gnistan.fi\\\/?s={search_term_string}\"},\"query-input\":{\"@type\":\"PropertyValueSpecification\",\"valueRequired\":true,\"valueName\":\"search_term_string\"}}],\"inLanguage\":\"sv-SE\"},{\"@type\":\"Organization\",\"@id\":\"https:\\\/\\\/gnistan.fi\\\/#organization\",\"name\":\"IF Gnistan\",\"url\":\"https:\\\/\\\/gnistan.fi\\\/\",\"logo\":{\"@type\":\"ImageObject\",\"inLanguage\":\"sv-SE\",\"@id\":\"https:\\\/\\\/gnistan.fi\\\/#\\\/schema\\\/logo\\\/image\\\/\",\"url\":\"https:\\\/\\\/gnistan.fi\\\/wp-content\\\/uploads\\\/2019\\\/10\\\/if-gnistan-vector-logo.svg\",\"contentUrl\":\"https:\\\/\\\/gnistan.fi\\\/wp-content\\\/uploads\\\/2019\\\/10\\\/if-gnistan-vector-logo.svg\",\"width\":269,\"height\":314,\"caption\":\"IF Gnistan\"},\"image\":{\"@id\":\"https:\\\/\\\/gnistan.fi\\\/#\\\/schema\\\/logo\\\/image\\\/\"},\"sameAs\":[\"https:\\\/\\\/facebook.com\\\/ifgnistan\",\"https:\\\/\\\/x.com\\\/ifgnistan1924\",\"https:\\\/\\\/instagram.com\\\/ifgnistan1924\",\"https:\\\/\\\/www.linkedin.com\\\/company\\\/ifgnistan\\\/\"]},{\"@type\":\"Person\",\"@id\":\"https:\\\/\\\/gnistan.fi\\\/#\\\/schema\\\/person\\\/020428cfaa897c2f5dc09ce9382c9214\",\"name\":\"Julian\",\"image\":{\"@type\":\"ImageObject\",\"inLanguage\":\"sv-SE\",\"@id\":\"https:\\\/\\\/secure.gravatar.com\\\/avatar\\\/1e9045b7beec3b43bf18e89ccb6248f8424fd58ea4beb22fbb75d340214cb3f3?s=96&d=mm&r=g\",\"url\":\"https:\\\/\\\/secure.gravatar.com\\\/avatar\\\/1e9045b7beec3b43bf18e89ccb6248f8424fd58ea4beb22fbb75d340214cb3f3?s=96&d=mm&r=g\",\"contentUrl\":\"https:\\\/\\\/secure.gravatar.com\\\/avatar\\\/1e9045b7beec3b43bf18e89ccb6248f8424fd58ea4beb22fbb75d340214cb3f3?s=96&d=mm&r=g\",\"caption\":\"Julian\"},\"url\":\"https:\\\/\\\/gnistan.fi\\\/sv\\\/author\\\/julian\\\/\"}]}<\/script>\n<!-- \/ Yoast SEO plugin. -->","yoast_head_json":{"title":"Tuomas Mustonen palaa Gnistaniin - IF Gnistan","robots":{"index":"index","follow":"follow","max-snippet":"max-snippet:-1","max-image-preview":"max-image-preview:large","max-video-preview":"max-video-preview:-1"},"canonical":"https:\/\/gnistan.fi\/sv\/2019\/01\/tuomas-mustonen-palaa-gnistaniin-2\/","og_locale":"sv_SE","og_type":"article","og_title":"Tuomas Mustonen palaa Gnistaniin - IF Gnistan","og_description":"IF Gnistan ja Tuomas Mustonen ovat allekirjoittaneet ensi kauden kattavan pelaajasopimuksen.","og_url":"https:\/\/gnistan.fi\/sv\/2019\/01\/tuomas-mustonen-palaa-gnistaniin-2\/","og_site_name":"IF Gnistan","article_publisher":"https:\/\/facebook.com\/ifgnistan","article_published_time":"2019-01-11T17:12:05+00:00","article_modified_time":"2019-10-09T11:38:08+00:00","og_image":[{"width":1920,"height":1080,"url":"https:\/\/gnistan.fi\/wp-content\/uploads\/2024\/11\/gnistan-default-featured-2024-c.webp","type":"image\/webp"}],"author":"Julian","twitter_card":"summary_large_image","twitter_creator":"@ifgnistan1924","twitter_site":"@ifgnistan1924","twitter_misc":{"Skriven av":"Julian","Ber\u00e4knad l\u00e4stid":"1 minut"},"schema":{"@context":"https:\/\/schema.org","@graph":[{"@type":"Article","@id":"https:\/\/gnistan.fi\/2019\/01\/tuomas-mustonen-palaa-gnistaniin-2\/#article","isPartOf":{"@id":"https:\/\/gnistan.fi\/2019\/01\/tuomas-mustonen-palaa-gnistaniin-2\/"},"author":{"name":"Julian","@id":"https:\/\/gnistan.fi\/#\/schema\/person\/020428cfaa897c2f5dc09ce9382c9214"},"headline":"Tuomas Mustonen palaa Gnistaniin","datePublished":"2019-01-11T17:12:05+00:00","dateModified":"2019-10-09T11:38:08+00:00","mainEntityOfPage":{"@id":"https:\/\/gnistan.fi\/2019\/01\/tuomas-mustonen-palaa-gnistaniin-2\/"},"wordCount":225,"publisher":{"@id":"https:\/\/gnistan.fi\/#organization"},"image":{"@id":"https:\/\/gnistan.fi\/2019\/01\/tuomas-mustonen-palaa-gnistaniin-2\/#primaryimage"},"thumbnailUrl":"https:\/\/gnistan.fi\/wp-content\/uploads\/2024\/11\/gnistan-default-featured-2024-c.webp","articleSection":["Uutiset"],"inLanguage":"sv-SE"},{"@type":"WebPage","@id":"https:\/\/gnistan.fi\/2019\/01\/tuomas-mustonen-palaa-gnistaniin-2\/","url":"https:\/\/gnistan.fi\/2019\/01\/tuomas-mustonen-palaa-gnistaniin-2\/","name":"Tuomas Mustonen palaa Gnistaniin - IF Gnistan","isPartOf":{"@id":"https:\/\/gnistan.fi\/#website"},"primaryImageOfPage":{"@id":"https:\/\/gnistan.fi\/2019\/01\/tuomas-mustonen-palaa-gnistaniin-2\/#primaryimage"},"image":{"@id":"https:\/\/gnistan.fi\/2019\/01\/tuomas-mustonen-palaa-gnistaniin-2\/#primaryimage"},"thumbnailUrl":"https:\/\/gnistan.fi\/wp-content\/uploads\/2024\/11\/gnistan-default-featured-2024-c.webp","datePublished":"2019-01-11T17:12:05+00:00","dateModified":"2019-10-09T11:38:08+00:00","breadcrumb":{"@id":"https:\/\/gnistan.fi\/2019\/01\/tuomas-mustonen-palaa-gnistaniin-2\/#breadcrumb"},"inLanguage":"sv-SE","potentialAction":[{"@type":"ReadAction","target":["https:\/\/gnistan.fi\/2019\/01\/tuomas-mustonen-palaa-gnistaniin-2\/"]}]},{"@type":"ImageObject","inLanguage":"sv-SE","@id":"https:\/\/gnistan.fi\/2019\/01\/tuomas-mustonen-palaa-gnistaniin-2\/#primaryimage","url":"https:\/\/gnistan.fi\/wp-content\/uploads\/2024\/11\/gnistan-default-featured-2024-c.webp","contentUrl":"https:\/\/gnistan.fi\/wp-content\/uploads\/2024\/11\/gnistan-default-featured-2024-c.webp","width":1920,"height":1080},{"@type":"BreadcrumbList","@id":"https:\/\/gnistan.fi\/2019\/01\/tuomas-mustonen-palaa-gnistaniin-2\/#breadcrumb","itemListElement":[{"@type":"ListItem","position":1,"name":"Etusivu","item":"https:\/\/gnistan.fi\/"},{"@type":"ListItem","position":2,"name":"Tuomas Mustonen palaa Gnistaniin"}]},{"@type":"WebSite","@id":"https:\/\/gnistan.fi\/#website","url":"https:\/\/gnistan.fi\/","name":"IF Gnistan","description":"Viralliset sivut","publisher":{"@id":"https:\/\/gnistan.fi\/#organization"},"potentialAction":[{"@type":"SearchAction","target":{"@type":"EntryPoint","urlTemplate":"https:\/\/gnistan.fi\/?s={search_term_string}"},"query-input":{"@type":"PropertyValueSpecification","valueRequired":true,"valueName":"search_term_string"}}],"inLanguage":"sv-SE"},{"@type":"Organization","@id":"https:\/\/gnistan.fi\/#organization","name":"IF Gnistan","url":"https:\/\/gnistan.fi\/","logo":{"@type":"ImageObject","inLanguage":"sv-SE","@id":"https:\/\/gnistan.fi\/#\/schema\/logo\/image\/","url":"https:\/\/gnistan.fi\/wp-content\/uploads\/2019\/10\/if-gnistan-vector-logo.svg","contentUrl":"https:\/\/gnistan.fi\/wp-content\/uploads\/2019\/10\/if-gnistan-vector-logo.svg","width":269,"height":314,"caption":"IF Gnistan"},"image":{"@id":"https:\/\/gnistan.fi\/#\/schema\/logo\/image\/"},"sameAs":["https:\/\/facebook.com\/ifgnistan","https:\/\/x.com\/ifgnistan1924","https:\/\/instagram.com\/ifgnistan1924","https:\/\/www.linkedin.com\/company\/ifgnistan\/"]},{"@type":"Person","@id":"https:\/\/gnistan.fi\/#\/schema\/person\/020428cfaa897c2f5dc09ce9382c9214","name":"Julian","image":{"@type":"ImageObject","inLanguage":"sv-SE","@id":"https:\/\/secure.gravatar.com\/avatar\/1e9045b7beec3b43bf18e89ccb6248f8424fd58ea4beb22fbb75d340214cb3f3?s=96&d=mm&r=g","url":"https:\/\/secure.gravatar.com\/avatar\/1e9045b7beec3b43bf18e89ccb6248f8424fd58ea4beb22fbb75d340214cb3f3?s=96&d=mm&r=g","contentUrl":"https:\/\/secure.gravatar.com\/avatar\/1e9045b7beec3b43bf18e89ccb6248f8424fd58ea4beb22fbb75d340214cb3f3?s=96&d=mm&r=g","caption":"Julian"},"url":"https:\/\/gnistan.fi\/sv\/author\/julian\/"}]}},"jetpack_featured_media_url":"https:\/\/gnistan.fi\/wp-content\/uploads\/2024\/11\/gnistan-default-featured-2024-c.webp","jetpack_sharing_enabled":true,"_links":{"self":[{"href":"https:\/\/gnistan.fi\/sv\/wp-json\/wp\/v2\/posts\/7988","targetHints":{"allow":["GET"]}}],"collection":[{"href":"https:\/\/gnistan.fi\/sv\/wp-json\/wp\/v2\/posts"}],"about":[{"href":"https:\/\/gnistan.fi\/sv\/wp-json\/wp\/v2\/types\/post"}],"author":[{"embeddable":true,"href":"https:\/\/gnistan.fi\/sv\/wp-json\/wp\/v2\/users\/5"}],"replies":[{"embeddable":true,"href":"https:\/\/gnistan.fi\/sv\/wp-json\/wp\/v2\/comments?post=7988"}],"version-history":[{"count":0,"href":"https:\/\/gnistan.fi\/sv\/wp-json\/wp\/v2\/posts\/7988\/revisions"}],"wp:featuredmedia":[{"embeddable":true,"href":"https:\/\/gnistan.fi\/sv\/wp-json\/wp\/v2\/media\/36703"}],"wp:attachment":[{"href":"https:\/\/gnistan.fi\/sv\/wp-json\/wp\/v2\/media?parent=7988"}],"wp:term":[{"taxonomy":"category","embeddable":true,"href":"https:\/\/gnistan.fi\/sv\/wp-json\/wp\/v2\/categories?post=7988"},{"taxonomy":"post_tag","embeddable":true,"href":"https:\/\/gnistan.fi\/sv\/wp-json\/wp\/v2\/tags?post=7988"}],"curies":[{"name":"wp","href":"https:\/\/api.w.org\/{rel}","templated":true}]}}