{"id":50411,"date":"2026-09-03T13:28:01","date_gmt":"2026-09-03T10:28:01","guid":{"rendered":"https:\/\/gnistan.fi\/?p=50411"},"modified":"2026-09-03T14:01:10","modified_gmt":"2026-09-03T11:01:10","slug":"gnistan-m35-jahtaa-regions-cupin-mestaruutta-tammelassa-finaalissa-vastakkain-kokemus-ja-nuoruus","status":"publish","type":"post","link":"https:\/\/gnistan.fi\/sv\/2026\/09\/gnistan-m35-jahtaa-regions-cupin-mestaruutta-tammelassa-finaalissa-vastakkain-kokemus-ja-nuoruus\/","title":{"rendered":"IF Gnistan\/M35 jahtaa Regions\u2019 Cupin mestaruutta Tammelassa \u2013 finaalissa vastakkain kokemus ja nuoruus"},"content":{"rendered":"<p>Finaalissa kohtaavat kaksi varsin erilaista joukkuetta. VJS\/Akatemia on nuori, juoksuvoimainen ja n\u00e4lk\u00e4inen Kolmosen joukkue, kun taas Gnistanin riveist\u00e4 l\u00f6ytyy kokemusta suomalaisilta jalkapallokentilt\u00e4 useamman vuosikymmenen edest\u00e4.<\/p>\n\n\n\n<p>VJS:n p\u00e4\u00e4valmentaja Marko Johansson kuvailikin finaalia osuvasti \u201dis\u00e4t vastaan pojat\u201d -otteluksi ja nosti Gnistanin vahvuuksiksi erityisesti joukkueen teknisyyden ja peli\u00e4lyn.<\/p>\n\n\n\n<p>Keltasinisten riveiss\u00e4 Tammelaan astelee melkoinen kattaus tuttua suomifutishistoriaa. Joukkueessa pelaavat muun muassa <strong>Pyry K\u00e4rkk\u00e4inen, Pekka Sihvola, Konsta Rasimus, Jukka Halme, Jani B\u00e4ckman, Juri Kinnunen, Joni Korhonen, Otto-Pekka Jurvainen, Eduardo Rodriguez, Samuli Markkanen<\/strong> ja <strong>Tuomas Mustonen<\/strong>.<\/p>\n\n\n\n<p>Pelk\u00e4st\u00e4\u00e4n joukkueen kokeneimmilta pelaajilta l\u00f6ytyy yhteens\u00e4 reilusti yli tuhat Veikkausliigaottelua. Nopeustilastoihin emme t\u00e4ss\u00e4 yhteydess\u00e4 kuitenkaan mene.<\/p>\n\n\n\n<h2 class=\"wp-block-heading\">Suomen mestaruus jo taskussa<\/h2>\n\n\n\n<p>Gnistan\/M35 l\u00e4htee perjantain finaaliin erinomaisista l\u00e4ht\u00f6kohdista. Joukkue kruunattiin viime sunnuntaina jo toista vuotta per\u00e4kk\u00e4in M35-sarjan Suomen mestariksi, kun SexyP\u00f6xyt kaatui finaalissa 2\u20131.<\/p>\n\n\n\n<p>Molemmista Gnistanin maaleista vastasi <strong>Joni Korhonen<\/strong>.<\/p>\n\n\n\n<p>Mestaruuden my\u00f6t\u00e4 Gnistanilla on t\u00e4ll\u00e4 hetkell\u00e4 hallussaan sek\u00e4 M35- ett\u00e4 M40-sarjojen Suomen mestaruudet. Perjantaina ik\u00e4miehill\u00e4 on mahdollisuus t\u00e4ydent\u00e4\u00e4 hienoa kautta viel\u00e4 yhdell\u00e4 pokaalilla.<\/p>\n\n\n\n<h2 class=\"wp-block-heading\">Pitk\u00e4 matka Suomen Cupista Tammelan finaaliin<\/h2>\n\n\n\n<p>Gnistan\/M35:n cup-kev\u00e4t alkoi jo maaliskuun alussa Suomen Cupissa. Ensimm\u00e4isess\u00e4 ottelussa EsPa\/Renat kaatui per\u00e4ti 7\u20132, mink\u00e4 j\u00e4lkeen vastaan asettui kaksi Kolmosen joukkuetta. Pakkalan Palloseura kaatui 2\u20130 ja Peli-Karhut 5\u20130.<\/p>\n\n\n\n<p>Seuraavalla kierroksella vastaan tullut TiPS\/U21 tarjosi jo huomattavasti tiukemman haasteen. Gnistan joutui ottelussa kahdesti tappioasemaan, mutta nousi molemmilla kerroilla tasoihin. J\u00e4lkimm\u00e4inen tasoitus syntyi 88. minuutilla, ja lopulta keltasiniset eteniv\u00e4t jatkoon rangaistuspotkukilpailun kautta lukemin 5\u20134.<\/p>\n\n\n\n<p>Samalla varmistui paikka Regions\u2019 Cupissa.<\/p>\n\n\n\n<p>Suomen Cupin taival p\u00e4\u00e4ttyi lopulta Kakkosessa pelaavan PuiU:n k\u00e4sittelyss\u00e4. Gnistan venytti ottelun <strong>Juri Kinnusen<\/strong> komealla 90+6. minuutin vapaapotkumaalilla rangaistuspotkuille, mutta t\u00e4ll\u00e4 kertaa pilkut k\u00e4\u00e4ntyiv\u00e4t vastustajalle.<\/p>\n\n\n\n<h2 class=\"wp-block-heading\">Regions\u2019 Cupissa kaksi kovaa taisteluvoittoa<\/h2>\n\n\n\n<p>Regions\u2019 Cupin puoliv\u00e4lier\u00e4ss\u00e4 vastaan asettui FC Ylivieska. Gnistan johti ottelua pitk\u00e4\u00e4n, mutta juhannuksen j\u00e4lkeisess\u00e4 ottelussa kokoonpano oli tavallista kapeampi ja loppua kohden tarvittiin jokainen k\u00e4ytett\u00e4viss\u00e4 ollut pelaaja. Taistelu palkittiin 3\u20132-voitolla. <strong>Otto-Pekka Jurvainen<\/strong> osui kerran ja <strong>Pekka Sihvola<\/strong> kahdesti.<\/p>\n\n\n\n<p>V\u00e4lier\u00e4ss\u00e4 Oulunkyl\u00e4\u00e4n saapui Pargas IF. Vieraat hallitsivat pitki\u00e4 jaksoja ja kolisuttelivat my\u00f6s Gnistanin maalin tolppia, mutta keltasiniset pysyiv\u00e4t ottelussa mukana.<\/p>\n\n\n\n<p>Ratkaisu n\u00e4htiin viimeisen kymmenminuuttisen aikana. Vaihdosta tulleet pelaajat nousivat isoon rooliin ja <strong>Tuomas Mustosen<\/strong> sek\u00e4 <strong>Juho M\u00e4kiniemen<\/strong> maalit k\u00e4\u00e4nsiv\u00e4t ottelun Gnistanille lukemin 2\u20131.<\/p>\n\n\n\n<p>Finaalipaikka oli tosiasia.<\/p>\n\n\n\n<p>VJS\/Akatemia on puolestaan raivannut tiens\u00e4 Tammelaan kahdella niukalla vierasvoitolla. Sek\u00e4 puoliv\u00e4lier\u00e4 ett\u00e4 v\u00e4lier\u00e4 p\u00e4\u00e4ttyiv\u00e4t vantaalaisten 1\u20130-voittoihin.<\/p>\n\n\n\n<h2 class=\"wp-block-heading\">Is\u00e4t vastaan pojat<\/h2>\n\n\n\n<p>Perjantain finaalissa vastakkain ovatkin nuoruus ja kokemus varsin konkreettisella tavalla.<\/p>\n\n\n\n<p>VJS\/Akatemia pyrkii hy\u00f6dynt\u00e4m\u00e4\u00e4n nuoren joukkueensa juoksuvoimaa ja energiaa. Gnistanin vahvuudet l\u00f6ytyv\u00e4t puolestaan valtavasta kokemuksesta, teknisest\u00e4 osaamisesta ja siit\u00e4 yhteisest\u00e4 ymm\u00e4rryksest\u00e4, joka vuosien ja vuosikymmenten aikana pelatuista otteluista syntyy.<\/p>\n\n\n\n<p>Gnistan\/M35 on osoittanut t\u00e4ll\u00e4 kaudella pystyv\u00e4ns\u00e4 edelleen haastamaan my\u00f6s nuorempia sarjajoukkueita. Nyt edess\u00e4 on kauden viimeinen cup-koitos ja mahdollisuus kruunata jo valmiiksi hieno vuosi toisella mestaruudella.<\/p>\n\n\n\n<p>Polvet teipataan, pohkeet l\u00e4mmitet\u00e4\u00e4n ja sitten katsotaan, kumpi painaa Tammelan illassa enemm\u00e4n: VJS:n nuoruus ja juoksuvoima vai Gnistanin noin 700 vuoden yhteenlaskettu pelikokemus.<\/p>\n\n\n\n<p>Miesten Regions\u2019 Cupin finaali<br>IF Gnistan\/M35 \u2013 VJS\/Akatemia<br>Pe 4.9. klo 19.00<br>Tammelan stadion, Tampere<br>Vapaa p\u00e4\u00e4sy<\/p>\n\n\n\n<p>Kaikki keltasiniset Tammelaan \u2013 pokaali l\u00e4htee Oulunkyl\u00e4\u00e4n vain hakemalla!<\/p>\n\n\n\n<p><\/p>","protected":false},"excerpt":{"rendered":"<p>IF Gnistan\/M35 pelaa perjantai-iltana kauden toisesta pokaalistaan, kun keltasiniset kohtaavat Miesten Regions\u2019 Cupin finaalissa VJS\/Akatemian. Mestaruus ratkaistaan Tammelan stadionilla Tampereella klo 19.00 alkaen. Ottelun voi katsoa suorana Ruutu+-palvelusta.<\/p>","protected":false},"author":27,"featured_media":50412,"comment_status":"closed","ping_status":"open","sticky":false,"template":"","format":"standard","meta":{"_acf_changed":false,"_jetpack_memberships_contains_paid_content":false,"footnotes":""},"categories":[1],"tags":[],"class_list":["post-50411","post","type-post","status-publish","format-standard","has-post-thumbnail","hentry","category-uutinen"],"acf":[],"yoast_head":"<!-- This site is optimized with the Yoast SEO plugin v28.2 - https:\/\/yoast.com\/product\/yoast-seo-wordpress\/ -->\n<title>IF Gnistan\/M35 jahtaa Regions\u2019 Cupin mestaruutta Tammelassa \u2013 finaalissa vastakkain kokemus ja nuoruus - IF Gnistan<\/title>\n<meta name=\"robots\" content=\"index, follow, max-snippet:-1, max-image-preview:large, max-video-preview:-1\" \/>\n<link rel=\"canonical\" href=\"https:\/\/gnistan.fi\/sv\/2026\/09\/gnistan-m35-jahtaa-regions-cupin-mestaruutta-tammelassa-finaalissa-vastakkain-kokemus-ja-nuoruus\/\" \/>\n<meta property=\"og:locale\" content=\"sv_SE\" \/>\n<meta property=\"og:type\" content=\"article\" \/>\n<meta property=\"og:title\" content=\"IF Gnistan\/M35 jahtaa Regions\u2019 Cupin mestaruutta Tammelassa \u2013 finaalissa vastakkain kokemus ja nuoruus - IF Gnistan\" \/>\n<meta property=\"og:description\" content=\"IF Gnistan\/M35 pelaa perjantai-iltana kauden toisesta pokaalistaan, kun keltasiniset kohtaavat Miesten Regions\u2019 Cupin finaalissa VJS\/Akatemian. Mestaruus ratkaistaan Tammelan stadionilla Tampereella klo 19.00 alkaen. Ottelun voi katsoa suorana Ruutu+-palvelusta.\" \/>\n<meta property=\"og:url\" content=\"https:\/\/gnistan.fi\/sv\/2026\/09\/gnistan-m35-jahtaa-regions-cupin-mestaruutta-tammelassa-finaalissa-vastakkain-kokemus-ja-nuoruus\/\" \/>\n<meta property=\"og:site_name\" content=\"IF Gnistan\" \/>\n<meta property=\"article:publisher\" content=\"https:\/\/facebook.com\/ifgnistan\" \/>\n<meta property=\"article:published_time\" content=\"2026-09-03T10:28:01+00:00\" \/>\n<meta property=\"article:modified_time\" content=\"2026-09-03T11:01:10+00:00\" \/>\n<meta property=\"og:image\" content=\"https:\/\/gnistan.fi\/wp-content\/uploads\/2026\/09\/181A3605-scaled.jpg\" \/>\n\t<meta property=\"og:image:width\" content=\"2560\" \/>\n\t<meta property=\"og:image:height\" content=\"1707\" \/>\n\t<meta property=\"og:image:type\" content=\"image\/jpeg\" \/>\n<meta name=\"author\" content=\"Frans Enala\" \/>\n<meta name=\"twitter:card\" content=\"summary_large_image\" \/>\n<meta name=\"twitter:creator\" content=\"@ifgnistan1924\" \/>\n<meta name=\"twitter:site\" content=\"@ifgnistan1924\" \/>\n<meta name=\"twitter:label1\" content=\"Skriven av\" \/>\n\t<meta name=\"twitter:data1\" content=\"Frans Enala\" \/>\n\t<meta name=\"twitter:label2\" content=\"Ber\u00e4knad l\u00e4stid\" \/>\n\t<meta name=\"twitter:data2\" content=\"4 minuter\" \/>\n<script type=\"application\/ld+json\" class=\"yoast-schema-graph\">{\"@context\":\"https:\\\/\\\/schema.org\",\"@graph\":[{\"@type\":\"Article\",\"@id\":\"https:\\\/\\\/gnistan.fi\\\/2026\\\/09\\\/gnistan-m35-jahtaa-regions-cupin-mestaruutta-tammelassa-finaalissa-vastakkain-kokemus-ja-nuoruus\\\/#article\",\"isPartOf\":{\"@id\":\"https:\\\/\\\/gnistan.fi\\\/2026\\\/09\\\/gnistan-m35-jahtaa-regions-cupin-mestaruutta-tammelassa-finaalissa-vastakkain-kokemus-ja-nuoruus\\\/\"},\"author\":{\"name\":\"Frans Enala\",\"@id\":\"https:\\\/\\\/gnistan.fi\\\/#\\\/schema\\\/person\\\/b80682d090dffdaac97b10fdf8d95bc2\"},\"headline\":\"IF Gnistan\\\/M35 jahtaa Regions\u2019 Cupin mestaruutta Tammelassa \u2013 finaalissa vastakkain kokemus ja nuoruus\",\"datePublished\":\"2026-09-03T10:28:01+00:00\",\"dateModified\":\"2026-09-03T11:01:10+00:00\",\"mainEntityOfPage\":{\"@id\":\"https:\\\/\\\/gnistan.fi\\\/2026\\\/09\\\/gnistan-m35-jahtaa-regions-cupin-mestaruutta-tammelassa-finaalissa-vastakkain-kokemus-ja-nuoruus\\\/\"},\"wordCount\":554,\"publisher\":{\"@id\":\"https:\\\/\\\/gnistan.fi\\\/#organization\"},\"image\":{\"@id\":\"https:\\\/\\\/gnistan.fi\\\/2026\\\/09\\\/gnistan-m35-jahtaa-regions-cupin-mestaruutta-tammelassa-finaalissa-vastakkain-kokemus-ja-nuoruus\\\/#primaryimage\"},\"thumbnailUrl\":\"https:\\\/\\\/gnistan.fi\\\/wp-content\\\/uploads\\\/2026\\\/09\\\/181A3605-scaled.jpg\",\"articleSection\":[\"Uutinen\"],\"inLanguage\":\"sv-SE\"},{\"@type\":\"WebPage\",\"@id\":\"https:\\\/\\\/gnistan.fi\\\/2026\\\/09\\\/gnistan-m35-jahtaa-regions-cupin-mestaruutta-tammelassa-finaalissa-vastakkain-kokemus-ja-nuoruus\\\/\",\"url\":\"https:\\\/\\\/gnistan.fi\\\/2026\\\/09\\\/gnistan-m35-jahtaa-regions-cupin-mestaruutta-tammelassa-finaalissa-vastakkain-kokemus-ja-nuoruus\\\/\",\"name\":\"IF Gnistan\\\/M35 jahtaa Regions\u2019 Cupin mestaruutta Tammelassa \u2013 finaalissa vastakkain kokemus ja nuoruus - IF Gnistan\",\"isPartOf\":{\"@id\":\"https:\\\/\\\/gnistan.fi\\\/#website\"},\"primaryImageOfPage\":{\"@id\":\"https:\\\/\\\/gnistan.fi\\\/2026\\\/09\\\/gnistan-m35-jahtaa-regions-cupin-mestaruutta-tammelassa-finaalissa-vastakkain-kokemus-ja-nuoruus\\\/#primaryimage\"},\"image\":{\"@id\":\"https:\\\/\\\/gnistan.fi\\\/2026\\\/09\\\/gnistan-m35-jahtaa-regions-cupin-mestaruutta-tammelassa-finaalissa-vastakkain-kokemus-ja-nuoruus\\\/#primaryimage\"},\"thumbnailUrl\":\"https:\\\/\\\/gnistan.fi\\\/wp-content\\\/uploads\\\/2026\\\/09\\\/181A3605-scaled.jpg\",\"datePublished\":\"2026-09-03T10:28:01+00:00\",\"dateModified\":\"2026-09-03T11:01:10+00:00\",\"breadcrumb\":{\"@id\":\"https:\\\/\\\/gnistan.fi\\\/2026\\\/09\\\/gnistan-m35-jahtaa-regions-cupin-mestaruutta-tammelassa-finaalissa-vastakkain-kokemus-ja-nuoruus\\\/#breadcrumb\"},\"inLanguage\":\"sv-SE\",\"potentialAction\":[{\"@type\":\"ReadAction\",\"target\":[\"https:\\\/\\\/gnistan.fi\\\/2026\\\/09\\\/gnistan-m35-jahtaa-regions-cupin-mestaruutta-tammelassa-finaalissa-vastakkain-kokemus-ja-nuoruus\\\/\"]}]},{\"@type\":\"ImageObject\",\"inLanguage\":\"sv-SE\",\"@id\":\"https:\\\/\\\/gnistan.fi\\\/2026\\\/09\\\/gnistan-m35-jahtaa-regions-cupin-mestaruutta-tammelassa-finaalissa-vastakkain-kokemus-ja-nuoruus\\\/#primaryimage\",\"url\":\"https:\\\/\\\/gnistan.fi\\\/wp-content\\\/uploads\\\/2026\\\/09\\\/181A3605-scaled.jpg\",\"contentUrl\":\"https:\\\/\\\/gnistan.fi\\\/wp-content\\\/uploads\\\/2026\\\/09\\\/181A3605-scaled.jpg\",\"width\":2560,\"height\":1707},{\"@type\":\"BreadcrumbList\",\"@id\":\"https:\\\/\\\/gnistan.fi\\\/2026\\\/09\\\/gnistan-m35-jahtaa-regions-cupin-mestaruutta-tammelassa-finaalissa-vastakkain-kokemus-ja-nuoruus\\\/#breadcrumb\",\"itemListElement\":[{\"@type\":\"ListItem\",\"position\":1,\"name\":\"Etusivu\",\"item\":\"https:\\\/\\\/gnistan.fi\\\/\"},{\"@type\":\"ListItem\",\"position\":2,\"name\":\"IF Gnistan\\\/M35 jahtaa Regions\u2019 Cupin mestaruutta Tammelassa \u2013 finaalissa vastakkain kokemus ja nuoruus\"}]},{\"@type\":\"WebSite\",\"@id\":\"https:\\\/\\\/gnistan.fi\\\/#website\",\"url\":\"https:\\\/\\\/gnistan.fi\\\/\",\"name\":\"IF Gnistan\",\"description\":\"Viralliset sivut\",\"publisher\":{\"@id\":\"https:\\\/\\\/gnistan.fi\\\/#organization\"},\"potentialAction\":[{\"@type\":\"SearchAction\",\"target\":{\"@type\":\"EntryPoint\",\"urlTemplate\":\"https:\\\/\\\/gnistan.fi\\\/?s={search_term_string}\"},\"query-input\":{\"@type\":\"PropertyValueSpecification\",\"valueRequired\":true,\"valueName\":\"search_term_string\"}}],\"inLanguage\":\"sv-SE\"},{\"@type\":\"Organization\",\"@id\":\"https:\\\/\\\/gnistan.fi\\\/#organization\",\"name\":\"IF Gnistan\",\"url\":\"https:\\\/\\\/gnistan.fi\\\/\",\"logo\":{\"@type\":\"ImageObject\",\"inLanguage\":\"sv-SE\",\"@id\":\"https:\\\/\\\/gnistan.fi\\\/#\\\/schema\\\/logo\\\/image\\\/\",\"url\":\"https:\\\/\\\/gnistan.fi\\\/wp-content\\\/uploads\\\/2019\\\/10\\\/if-gnistan-vector-logo.svg\",\"contentUrl\":\"https:\\\/\\\/gnistan.fi\\\/wp-content\\\/uploads\\\/2019\\\/10\\\/if-gnistan-vector-logo.svg\",\"width\":269,\"height\":314,\"caption\":\"IF Gnistan\"},\"image\":{\"@id\":\"https:\\\/\\\/gnistan.fi\\\/#\\\/schema\\\/logo\\\/image\\\/\"},\"sameAs\":[\"https:\\\/\\\/facebook.com\\\/ifgnistan\",\"https:\\\/\\\/x.com\\\/ifgnistan1924\",\"https:\\\/\\\/instagram.com\\\/ifgnistan1924\",\"https:\\\/\\\/www.linkedin.com\\\/company\\\/ifgnistan\\\/\"]},{\"@type\":\"Person\",\"@id\":\"https:\\\/\\\/gnistan.fi\\\/#\\\/schema\\\/person\\\/b80682d090dffdaac97b10fdf8d95bc2\",\"name\":\"Frans Enala\",\"image\":{\"@type\":\"ImageObject\",\"inLanguage\":\"sv-SE\",\"@id\":\"https:\\\/\\\/secure.gravatar.com\\\/avatar\\\/7f91ea028825a332b578d3638c70457f45ec7cf2ac41542b7ee666060805bb81?s=96&d=mm&r=g\",\"url\":\"https:\\\/\\\/secure.gravatar.com\\\/avatar\\\/7f91ea028825a332b578d3638c70457f45ec7cf2ac41542b7ee666060805bb81?s=96&d=mm&r=g\",\"contentUrl\":\"https:\\\/\\\/secure.gravatar.com\\\/avatar\\\/7f91ea028825a332b578d3638c70457f45ec7cf2ac41542b7ee666060805bb81?s=96&d=mm&r=g\",\"caption\":\"Frans Enala\"},\"url\":\"https:\\\/\\\/gnistan.fi\\\/sv\\\/author\\\/frans\\\/\"}]}<\/script>\n<!-- \/ Yoast SEO plugin. -->","yoast_head_json":{"title":"IF Gnistan\/M35 jahtaa Regions\u2019 Cupin mestaruutta Tammelassa \u2013 finaalissa vastakkain kokemus ja nuoruus - IF Gnistan","robots":{"index":"index","follow":"follow","max-snippet":"max-snippet:-1","max-image-preview":"max-image-preview:large","max-video-preview":"max-video-preview:-1"},"canonical":"https:\/\/gnistan.fi\/sv\/2026\/09\/gnistan-m35-jahtaa-regions-cupin-mestaruutta-tammelassa-finaalissa-vastakkain-kokemus-ja-nuoruus\/","og_locale":"sv_SE","og_type":"article","og_title":"IF Gnistan\/M35 jahtaa Regions\u2019 Cupin mestaruutta Tammelassa \u2013 finaalissa vastakkain kokemus ja nuoruus - IF Gnistan","og_description":"IF Gnistan\/M35 pelaa perjantai-iltana kauden toisesta pokaalistaan, kun keltasiniset kohtaavat Miesten Regions\u2019 Cupin finaalissa VJS\/Akatemian. Mestaruus ratkaistaan Tammelan stadionilla Tampereella klo 19.00 alkaen. Ottelun voi katsoa suorana Ruutu+-palvelusta.","og_url":"https:\/\/gnistan.fi\/sv\/2026\/09\/gnistan-m35-jahtaa-regions-cupin-mestaruutta-tammelassa-finaalissa-vastakkain-kokemus-ja-nuoruus\/","og_site_name":"IF Gnistan","article_publisher":"https:\/\/facebook.com\/ifgnistan","article_published_time":"2026-09-03T10:28:01+00:00","article_modified_time":"2026-09-03T11:01:10+00:00","og_image":[{"width":2560,"height":1707,"url":"https:\/\/gnistan.fi\/wp-content\/uploads\/2026\/09\/181A3605-scaled.jpg","type":"image\/jpeg"}],"author":"Frans Enala","twitter_card":"summary_large_image","twitter_creator":"@ifgnistan1924","twitter_site":"@ifgnistan1924","twitter_misc":{"Skriven av":"Frans Enala","Ber\u00e4knad l\u00e4stid":"4 minuter"},"schema":{"@context":"https:\/\/schema.org","@graph":[{"@type":"Article","@id":"https:\/\/gnistan.fi\/2026\/09\/gnistan-m35-jahtaa-regions-cupin-mestaruutta-tammelassa-finaalissa-vastakkain-kokemus-ja-nuoruus\/#article","isPartOf":{"@id":"https:\/\/gnistan.fi\/2026\/09\/gnistan-m35-jahtaa-regions-cupin-mestaruutta-tammelassa-finaalissa-vastakkain-kokemus-ja-nuoruus\/"},"author":{"name":"Frans Enala","@id":"https:\/\/gnistan.fi\/#\/schema\/person\/b80682d090dffdaac97b10fdf8d95bc2"},"headline":"IF Gnistan\/M35 jahtaa Regions\u2019 Cupin mestaruutta Tammelassa \u2013 finaalissa vastakkain kokemus ja nuoruus","datePublished":"2026-09-03T10:28:01+00:00","dateModified":"2026-09-03T11:01:10+00:00","mainEntityOfPage":{"@id":"https:\/\/gnistan.fi\/2026\/09\/gnistan-m35-jahtaa-regions-cupin-mestaruutta-tammelassa-finaalissa-vastakkain-kokemus-ja-nuoruus\/"},"wordCount":554,"publisher":{"@id":"https:\/\/gnistan.fi\/#organization"},"image":{"@id":"https:\/\/gnistan.fi\/2026\/09\/gnistan-m35-jahtaa-regions-cupin-mestaruutta-tammelassa-finaalissa-vastakkain-kokemus-ja-nuoruus\/#primaryimage"},"thumbnailUrl":"https:\/\/gnistan.fi\/wp-content\/uploads\/2026\/09\/181A3605-scaled.jpg","articleSection":["Uutinen"],"inLanguage":"sv-SE"},{"@type":"WebPage","@id":"https:\/\/gnistan.fi\/2026\/09\/gnistan-m35-jahtaa-regions-cupin-mestaruutta-tammelassa-finaalissa-vastakkain-kokemus-ja-nuoruus\/","url":"https:\/\/gnistan.fi\/2026\/09\/gnistan-m35-jahtaa-regions-cupin-mestaruutta-tammelassa-finaalissa-vastakkain-kokemus-ja-nuoruus\/","name":"IF Gnistan\/M35 jahtaa Regions\u2019 Cupin mestaruutta Tammelassa \u2013 finaalissa vastakkain kokemus ja nuoruus - IF Gnistan","isPartOf":{"@id":"https:\/\/gnistan.fi\/#website"},"primaryImageOfPage":{"@id":"https:\/\/gnistan.fi\/2026\/09\/gnistan-m35-jahtaa-regions-cupin-mestaruutta-tammelassa-finaalissa-vastakkain-kokemus-ja-nuoruus\/#primaryimage"},"image":{"@id":"https:\/\/gnistan.fi\/2026\/09\/gnistan-m35-jahtaa-regions-cupin-mestaruutta-tammelassa-finaalissa-vastakkain-kokemus-ja-nuoruus\/#primaryimage"},"thumbnailUrl":"https:\/\/gnistan.fi\/wp-content\/uploads\/2026\/09\/181A3605-scaled.jpg","datePublished":"2026-09-03T10:28:01+00:00","dateModified":"2026-09-03T11:01:10+00:00","breadcrumb":{"@id":"https:\/\/gnistan.fi\/2026\/09\/gnistan-m35-jahtaa-regions-cupin-mestaruutta-tammelassa-finaalissa-vastakkain-kokemus-ja-nuoruus\/#breadcrumb"},"inLanguage":"sv-SE","potentialAction":[{"@type":"ReadAction","target":["https:\/\/gnistan.fi\/2026\/09\/gnistan-m35-jahtaa-regions-cupin-mestaruutta-tammelassa-finaalissa-vastakkain-kokemus-ja-nuoruus\/"]}]},{"@type":"ImageObject","inLanguage":"sv-SE","@id":"https:\/\/gnistan.fi\/2026\/09\/gnistan-m35-jahtaa-regions-cupin-mestaruutta-tammelassa-finaalissa-vastakkain-kokemus-ja-nuoruus\/#primaryimage","url":"https:\/\/gnistan.fi\/wp-content\/uploads\/2026\/09\/181A3605-scaled.jpg","contentUrl":"https:\/\/gnistan.fi\/wp-content\/uploads\/2026\/09\/181A3605-scaled.jpg","width":2560,"height":1707},{"@type":"BreadcrumbList","@id":"https:\/\/gnistan.fi\/2026\/09\/gnistan-m35-jahtaa-regions-cupin-mestaruutta-tammelassa-finaalissa-vastakkain-kokemus-ja-nuoruus\/#breadcrumb","itemListElement":[{"@type":"ListItem","position":1,"name":"Etusivu","item":"https:\/\/gnistan.fi\/"},{"@type":"ListItem","position":2,"name":"IF Gnistan\/M35 jahtaa Regions\u2019 Cupin mestaruutta Tammelassa \u2013 finaalissa vastakkain kokemus ja nuoruus"}]},{"@type":"WebSite","@id":"https:\/\/gnistan.fi\/#website","url":"https:\/\/gnistan.fi\/","name":"IF Gnistan","description":"Viralliset sivut","publisher":{"@id":"https:\/\/gnistan.fi\/#organization"},"potentialAction":[{"@type":"SearchAction","target":{"@type":"EntryPoint","urlTemplate":"https:\/\/gnistan.fi\/?s={search_term_string}"},"query-input":{"@type":"PropertyValueSpecification","valueRequired":true,"valueName":"search_term_string"}}],"inLanguage":"sv-SE"},{"@type":"Organization","@id":"https:\/\/gnistan.fi\/#organization","name":"IF Gnistan","url":"https:\/\/gnistan.fi\/","logo":{"@type":"ImageObject","inLanguage":"sv-SE","@id":"https:\/\/gnistan.fi\/#\/schema\/logo\/image\/","url":"https:\/\/gnistan.fi\/wp-content\/uploads\/2019\/10\/if-gnistan-vector-logo.svg","contentUrl":"https:\/\/gnistan.fi\/wp-content\/uploads\/2019\/10\/if-gnistan-vector-logo.svg","width":269,"height":314,"caption":"IF Gnistan"},"image":{"@id":"https:\/\/gnistan.fi\/#\/schema\/logo\/image\/"},"sameAs":["https:\/\/facebook.com\/ifgnistan","https:\/\/x.com\/ifgnistan1924","https:\/\/instagram.com\/ifgnistan1924","https:\/\/www.linkedin.com\/company\/ifgnistan\/"]},{"@type":"Person","@id":"https:\/\/gnistan.fi\/#\/schema\/person\/b80682d090dffdaac97b10fdf8d95bc2","name":"Frans Enala","image":{"@type":"ImageObject","inLanguage":"sv-SE","@id":"https:\/\/secure.gravatar.com\/avatar\/7f91ea028825a332b578d3638c70457f45ec7cf2ac41542b7ee666060805bb81?s=96&d=mm&r=g","url":"https:\/\/secure.gravatar.com\/avatar\/7f91ea028825a332b578d3638c70457f45ec7cf2ac41542b7ee666060805bb81?s=96&d=mm&r=g","contentUrl":"https:\/\/secure.gravatar.com\/avatar\/7f91ea028825a332b578d3638c70457f45ec7cf2ac41542b7ee666060805bb81?s=96&d=mm&r=g","caption":"Frans Enala"},"url":"https:\/\/gnistan.fi\/sv\/author\/frans\/"}]}},"jetpack_featured_media_url":"https:\/\/gnistan.fi\/wp-content\/uploads\/2026\/09\/181A3605-scaled.jpg","jetpack_sharing_enabled":true,"_links":{"self":[{"href":"https:\/\/gnistan.fi\/sv\/wp-json\/wp\/v2\/posts\/50411","targetHints":{"allow":["GET"]}}],"collection":[{"href":"https:\/\/gnistan.fi\/sv\/wp-json\/wp\/v2\/posts"}],"about":[{"href":"https:\/\/gnistan.fi\/sv\/wp-json\/wp\/v2\/types\/post"}],"author":[{"embeddable":true,"href":"https:\/\/gnistan.fi\/sv\/wp-json\/wp\/v2\/users\/27"}],"replies":[{"embeddable":true,"href":"https:\/\/gnistan.fi\/sv\/wp-json\/wp\/v2\/comments?post=50411"}],"version-history":[{"count":4,"href":"https:\/\/gnistan.fi\/sv\/wp-json\/wp\/v2\/posts\/50411\/revisions"}],"predecessor-version":[{"id":50417,"href":"https:\/\/gnistan.fi\/sv\/wp-json\/wp\/v2\/posts\/50411\/revisions\/50417"}],"wp:featuredmedia":[{"embeddable":true,"href":"https:\/\/gnistan.fi\/sv\/wp-json\/wp\/v2\/media\/50412"}],"wp:attachment":[{"href":"https:\/\/gnistan.fi\/sv\/wp-json\/wp\/v2\/media?parent=50411"}],"wp:term":[{"taxonomy":"category","embeddable":true,"href":"https:\/\/gnistan.fi\/sv\/wp-json\/wp\/v2\/categories?post=50411"},{"taxonomy":"post_tag","embeddable":true,"href":"https:\/\/gnistan.fi\/sv\/wp-json\/wp\/v2\/tags?post=50411"}],"curies":[{"name":"wp","href":"https:\/\/api.w.org\/{rel}","templated":true}]}}