{"id":50381,"date":"2026-09-03T19:01:24","date_gmt":"2026-09-03T16:01:24","guid":{"rendered":"https:\/\/gnistan.fi\/?p=50381"},"modified":"2026-09-03T19:01:25","modified_gmt":"2026-09-03T16:01:25","slug":"sami-okkonen-if-gnistanin-naisten-edustusjoukkueen-paavalmentajaksi","status":"publish","type":"post","link":"https:\/\/gnistan.fi\/en\/2026\/09\/sami-okkonen-if-gnistanin-naisten-edustusjoukkueen-paavalmentajaksi\/","title":{"rendered":"Sami Okkonen IF Gnistanin naisten edustusjoukkueen p\u00e4\u00e4valmentajaksi"},"content":{"rendered":"<p>Okkonen seuraa teht\u00e4v\u00e4ss\u00e4 <strong>Nikos Kalaitzisia<\/strong>, jonka viisivuotinen taival Gnistanissa p\u00e4\u00e4ttyy kuluvan kauden j\u00e4lkeen. Kalaitzis johdatti naisten edustusjoukkueen kolmen p\u00e4\u00e4valmentajakautensa aikana Naisten Kakkosesta Briotech Kansalliseen Liigaan.<\/p>\n\n\n\n<p>Okkonen tuo teht\u00e4v\u00e4\u00e4n vahvaa kokemusta suomalaisesta jalkapallosta. Ennen siirtymist\u00e4\u00e4n Gnistaniin h\u00e4n toimi K\u00e4pyl\u00e4n Pallon miesten edustusjoukkueen p\u00e4\u00e4valmentajana kaudella 2024. T\u00e4t\u00e4 ennen h\u00e4n valmensi HIFK:ssa vuonna 2023 ja toimi JIPPOn edustusjoukkueen p\u00e4\u00e4valmentajana vuonna 2022. Aiemmin Okkonen on ty\u00f6skennellyt my\u00f6s FC Vaajakoskella valmennusp\u00e4\u00e4llikk\u00f6n\u00e4 ja miesten edustusjoukkueen p\u00e4\u00e4valmentajana.<\/p>\n\n\n\n<p>Stadista kotoisin olevalla Okkosella on lis\u00e4ksi pelaajataustaa muun muassa HIFK:sta ja PK-35:st\u00e4. H\u00e4nen valmennuskoulutukseensa kuuluvat UEFA A -tutkinto sek\u00e4 vuonna 2022 suoritettu valmentajan ammattitutkinto (VAT). Okkonen on my\u00f6s liikuntatieteiden kandidaatti Jyv\u00e4skyl\u00e4n yliopistosta.<\/p>\n\n\n\n<p>Gnistanin urheilutoimenjohtaja <strong>Jarkko Jokiranta<\/strong> n\u00e4kee Okkosen hyv\u00e4n\u00e4 valintana naisten edustusjoukkueen p\u00e4\u00e4valmentajaksi.<\/p>\n\n\n\n<p>\u2013 Sami on hyv\u00e4 valmentaja, joka ymm\u00e4rt\u00e4\u00e4 hyvin peli\u00e4 ja kokonaisuuksia. Samilla on kokemusta my\u00f6s miesten toiseksi korkeimmalta sarjatasolta, joka on monelta osin samansuuntainen sarja kuin Kansallinen Liiga. Uskomme, ett\u00e4 h\u00e4nen osaamisensa ja kokemuksensa sopivat eritt\u00e4in hyvin t\u00e4h\u00e4n teht\u00e4v\u00e4\u00e4n, Jokiranta kertoo.<\/p>\n\n\n\n<p>Okkonen on ty\u00f6skennellyt Gnistanissa marraskuusta 2024 l\u00e4htien valmennusosaamisen kehitt\u00e4j\u00e4n\u00e4. Teht\u00e4v\u00e4ss\u00e4\u00e4n h\u00e4n on ollut mukana kehitt\u00e4m\u00e4ss\u00e4 valmentajakoulutusta sek\u00e4 Gnistanin sis\u00e4ll\u00e4 ett\u00e4 yhteisty\u00f6ss\u00e4 alueen muiden seurojen kanssa.<\/p>\n\n\n\n<p>Okkonen itse ottaa uuden teht\u00e4v\u00e4n vastaan innostunein mielin.<\/p>\n\n\n\n<p>\u2013 Olen todella iloinen ja kiitollinen t\u00e4st\u00e4 mahdollisuudesta. Suunnitelmani oli palata ensi kaudeksi joukkuevalmennuksen pariin, joten on hienoa, ett\u00e4 se tapahtuu juuri Oulunkyl\u00e4ss\u00e4 ja Gnistanissa.<\/p>\n\n\n\n<p>\u2013 Joukkue ja nykyinen valmennus ovat tehneet t\u00e4ll\u00e4 kaudella hyv\u00e4\u00e4 ty\u00f6t\u00e4, mist\u00e4 yl\u00e4loppusarjapaikka on selke\u00e4 osoitus. Tavoitteena on tietysti jatkaa seuran nousujohteista kehityst\u00e4 ja ottaa ensi kaudella seuraava askel niin joukkueena, yksil\u00f6in\u00e4 kuin p\u00e4ivitt\u00e4isen toiminnan laadussa.<\/p>\n\n\n\n<p>\u2013 Gnistanin arvot ja pelaamisen identiteetti sopivat hyvin omaan valmentajaprofiiliini. Haluan rakentaa vaativan mutta kannustavan toimintaymp\u00e4rist\u00f6n, jossa pelaajat tekev\u00e4t paljon t\u00f6it\u00e4, haluavat ottaa my\u00f6s itse vastuuta omasta kehittymisest\u00e4\u00e4n ja kilpailevat p\u00e4ivitt\u00e4in.<\/p>\n\n\n\n<p>IF Gnistan toivottaa Samille onnea uuteen teht\u00e4v\u00e4\u00e4n!<\/p>\n\n\n\n<p><\/p>","protected":false},"excerpt":{"rendered":"<p>IF Gnistanin naisten edustusjoukkueen uutena p\u00e4\u00e4valmentajana aloittaa kaudella 2027 Sami Okkonen. Okkonen siirtyy teht\u00e4v\u00e4\u00e4n seuran sis\u00e4lt\u00e4, sill\u00e4 h\u00e4n on toiminut IF Gnistanin valmennusosaamisen kehitt\u00e4j\u00e4n\u00e4 marraskuusta 2024 l\u00e4htien.<\/p>","protected":false},"author":27,"featured_media":50402,"comment_status":"closed","ping_status":"open","sticky":false,"template":"","format":"standard","meta":{"_acf_changed":false,"_jetpack_memberships_contains_paid_content":false,"footnotes":""},"categories":[1],"tags":[],"class_list":["post-50381","post","type-post","status-publish","format-standard","has-post-thumbnail","hentry","category-uutinen"],"acf":[],"yoast_head":"<!-- This site is optimized with the Yoast SEO plugin v28.2 - https:\/\/yoast.com\/product\/yoast-seo-wordpress\/ -->\n<title>Sami Okkonen IF Gnistanin naisten edustusjoukkueen p\u00e4\u00e4valmentajaksi - IF Gnistan<\/title>\n<meta name=\"robots\" content=\"index, follow, max-snippet:-1, max-image-preview:large, max-video-preview:-1\" \/>\n<link rel=\"canonical\" href=\"https:\/\/gnistan.fi\/en\/2026\/09\/sami-okkonen-if-gnistanin-naisten-edustusjoukkueen-paavalmentajaksi\/\" \/>\n<meta property=\"og:locale\" content=\"en_US\" \/>\n<meta property=\"og:type\" content=\"article\" \/>\n<meta property=\"og:title\" content=\"Sami Okkonen IF Gnistanin naisten edustusjoukkueen p\u00e4\u00e4valmentajaksi - IF Gnistan\" \/>\n<meta property=\"og:description\" content=\"IF Gnistanin naisten edustusjoukkueen uutena p\u00e4\u00e4valmentajana aloittaa kaudella 2027 Sami Okkonen. Okkonen siirtyy teht\u00e4v\u00e4\u00e4n seuran sis\u00e4lt\u00e4, sill\u00e4 h\u00e4n on toiminut IF Gnistanin valmennusosaamisen kehitt\u00e4j\u00e4n\u00e4 marraskuusta 2024 l\u00e4htien.\" \/>\n<meta property=\"og:url\" content=\"https:\/\/gnistan.fi\/en\/2026\/09\/sami-okkonen-if-gnistanin-naisten-edustusjoukkueen-paavalmentajaksi\/\" \/>\n<meta property=\"og:site_name\" content=\"IF Gnistan\" \/>\n<meta property=\"article:publisher\" content=\"https:\/\/facebook.com\/ifgnistan\" \/>\n<meta property=\"article:published_time\" content=\"2026-09-03T16:01:24+00:00\" \/>\n<meta property=\"article:modified_time\" content=\"2026-09-03T16:01:25+00:00\" \/>\n<meta property=\"og:image\" content=\"https:\/\/gnistan.fi\/wp-content\/uploads\/2026\/09\/IMG_2513-scaled.jpg\" \/>\n\t<meta property=\"og:image:width\" content=\"2560\" \/>\n\t<meta property=\"og:image:height\" content=\"1707\" \/>\n\t<meta property=\"og:image:type\" content=\"image\/jpeg\" \/>\n<meta name=\"author\" content=\"Frans Enala\" \/>\n<meta name=\"twitter:card\" content=\"summary_large_image\" \/>\n<meta name=\"twitter:creator\" content=\"@ifgnistan1924\" \/>\n<meta name=\"twitter:site\" content=\"@ifgnistan1924\" \/>\n<meta name=\"twitter:label1\" content=\"Written by\" \/>\n\t<meta name=\"twitter:data1\" content=\"Frans Enala\" \/>\n\t<meta name=\"twitter:label2\" content=\"Est. reading time\" \/>\n\t<meta name=\"twitter:data2\" content=\"2 minutes\" \/>\n<script type=\"application\/ld+json\" class=\"yoast-schema-graph\">{\"@context\":\"https:\\\/\\\/schema.org\",\"@graph\":[{\"@type\":\"Article\",\"@id\":\"https:\\\/\\\/gnistan.fi\\\/2026\\\/09\\\/sami-okkonen-if-gnistanin-naisten-edustusjoukkueen-paavalmentajaksi\\\/#article\",\"isPartOf\":{\"@id\":\"https:\\\/\\\/gnistan.fi\\\/2026\\\/09\\\/sami-okkonen-if-gnistanin-naisten-edustusjoukkueen-paavalmentajaksi\\\/\"},\"author\":{\"name\":\"Frans Enala\",\"@id\":\"https:\\\/\\\/gnistan.fi\\\/#\\\/schema\\\/person\\\/b80682d090dffdaac97b10fdf8d95bc2\"},\"headline\":\"Sami Okkonen IF Gnistanin naisten edustusjoukkueen p\u00e4\u00e4valmentajaksi\",\"datePublished\":\"2026-09-03T16:01:24+00:00\",\"dateModified\":\"2026-09-03T16:01:25+00:00\",\"mainEntityOfPage\":{\"@id\":\"https:\\\/\\\/gnistan.fi\\\/2026\\\/09\\\/sami-okkonen-if-gnistanin-naisten-edustusjoukkueen-paavalmentajaksi\\\/\"},\"wordCount\":356,\"publisher\":{\"@id\":\"https:\\\/\\\/gnistan.fi\\\/#organization\"},\"image\":{\"@id\":\"https:\\\/\\\/gnistan.fi\\\/2026\\\/09\\\/sami-okkonen-if-gnistanin-naisten-edustusjoukkueen-paavalmentajaksi\\\/#primaryimage\"},\"thumbnailUrl\":\"https:\\\/\\\/gnistan.fi\\\/wp-content\\\/uploads\\\/2026\\\/09\\\/IMG_2513-scaled.jpg\",\"articleSection\":[\"Uutinen\"],\"inLanguage\":\"en-US\"},{\"@type\":\"WebPage\",\"@id\":\"https:\\\/\\\/gnistan.fi\\\/2026\\\/09\\\/sami-okkonen-if-gnistanin-naisten-edustusjoukkueen-paavalmentajaksi\\\/\",\"url\":\"https:\\\/\\\/gnistan.fi\\\/2026\\\/09\\\/sami-okkonen-if-gnistanin-naisten-edustusjoukkueen-paavalmentajaksi\\\/\",\"name\":\"Sami Okkonen IF Gnistanin naisten edustusjoukkueen p\u00e4\u00e4valmentajaksi - IF Gnistan\",\"isPartOf\":{\"@id\":\"https:\\\/\\\/gnistan.fi\\\/#website\"},\"primaryImageOfPage\":{\"@id\":\"https:\\\/\\\/gnistan.fi\\\/2026\\\/09\\\/sami-okkonen-if-gnistanin-naisten-edustusjoukkueen-paavalmentajaksi\\\/#primaryimage\"},\"image\":{\"@id\":\"https:\\\/\\\/gnistan.fi\\\/2026\\\/09\\\/sami-okkonen-if-gnistanin-naisten-edustusjoukkueen-paavalmentajaksi\\\/#primaryimage\"},\"thumbnailUrl\":\"https:\\\/\\\/gnistan.fi\\\/wp-content\\\/uploads\\\/2026\\\/09\\\/IMG_2513-scaled.jpg\",\"datePublished\":\"2026-09-03T16:01:24+00:00\",\"dateModified\":\"2026-09-03T16:01:25+00:00\",\"breadcrumb\":{\"@id\":\"https:\\\/\\\/gnistan.fi\\\/2026\\\/09\\\/sami-okkonen-if-gnistanin-naisten-edustusjoukkueen-paavalmentajaksi\\\/#breadcrumb\"},\"inLanguage\":\"en-US\",\"potentialAction\":[{\"@type\":\"ReadAction\",\"target\":[\"https:\\\/\\\/gnistan.fi\\\/2026\\\/09\\\/sami-okkonen-if-gnistanin-naisten-edustusjoukkueen-paavalmentajaksi\\\/\"]}]},{\"@type\":\"ImageObject\",\"inLanguage\":\"en-US\",\"@id\":\"https:\\\/\\\/gnistan.fi\\\/2026\\\/09\\\/sami-okkonen-if-gnistanin-naisten-edustusjoukkueen-paavalmentajaksi\\\/#primaryimage\",\"url\":\"https:\\\/\\\/gnistan.fi\\\/wp-content\\\/uploads\\\/2026\\\/09\\\/IMG_2513-scaled.jpg\",\"contentUrl\":\"https:\\\/\\\/gnistan.fi\\\/wp-content\\\/uploads\\\/2026\\\/09\\\/IMG_2513-scaled.jpg\",\"width\":2560,\"height\":1707},{\"@type\":\"BreadcrumbList\",\"@id\":\"https:\\\/\\\/gnistan.fi\\\/2026\\\/09\\\/sami-okkonen-if-gnistanin-naisten-edustusjoukkueen-paavalmentajaksi\\\/#breadcrumb\",\"itemListElement\":[{\"@type\":\"ListItem\",\"position\":1,\"name\":\"Etusivu\",\"item\":\"https:\\\/\\\/gnistan.fi\\\/\"},{\"@type\":\"ListItem\",\"position\":2,\"name\":\"Sami Okkonen IF Gnistanin naisten edustusjoukkueen p\u00e4\u00e4valmentajaksi\"}]},{\"@type\":\"WebSite\",\"@id\":\"https:\\\/\\\/gnistan.fi\\\/#website\",\"url\":\"https:\\\/\\\/gnistan.fi\\\/\",\"name\":\"IF Gnistan\",\"description\":\"Viralliset sivut\",\"publisher\":{\"@id\":\"https:\\\/\\\/gnistan.fi\\\/#organization\"},\"potentialAction\":[{\"@type\":\"SearchAction\",\"target\":{\"@type\":\"EntryPoint\",\"urlTemplate\":\"https:\\\/\\\/gnistan.fi\\\/?s={search_term_string}\"},\"query-input\":{\"@type\":\"PropertyValueSpecification\",\"valueRequired\":true,\"valueName\":\"search_term_string\"}}],\"inLanguage\":\"en-US\"},{\"@type\":\"Organization\",\"@id\":\"https:\\\/\\\/gnistan.fi\\\/#organization\",\"name\":\"IF Gnistan\",\"url\":\"https:\\\/\\\/gnistan.fi\\\/\",\"logo\":{\"@type\":\"ImageObject\",\"inLanguage\":\"en-US\",\"@id\":\"https:\\\/\\\/gnistan.fi\\\/#\\\/schema\\\/logo\\\/image\\\/\",\"url\":\"https:\\\/\\\/gnistan.fi\\\/wp-content\\\/uploads\\\/2019\\\/10\\\/if-gnistan-vector-logo.svg\",\"contentUrl\":\"https:\\\/\\\/gnistan.fi\\\/wp-content\\\/uploads\\\/2019\\\/10\\\/if-gnistan-vector-logo.svg\",\"width\":269,\"height\":314,\"caption\":\"IF Gnistan\"},\"image\":{\"@id\":\"https:\\\/\\\/gnistan.fi\\\/#\\\/schema\\\/logo\\\/image\\\/\"},\"sameAs\":[\"https:\\\/\\\/facebook.com\\\/ifgnistan\",\"https:\\\/\\\/x.com\\\/ifgnistan1924\",\"https:\\\/\\\/instagram.com\\\/ifgnistan1924\",\"https:\\\/\\\/www.linkedin.com\\\/company\\\/ifgnistan\\\/\"]},{\"@type\":\"Person\",\"@id\":\"https:\\\/\\\/gnistan.fi\\\/#\\\/schema\\\/person\\\/b80682d090dffdaac97b10fdf8d95bc2\",\"name\":\"Frans Enala\",\"image\":{\"@type\":\"ImageObject\",\"inLanguage\":\"en-US\",\"@id\":\"https:\\\/\\\/secure.gravatar.com\\\/avatar\\\/7f91ea028825a332b578d3638c70457f45ec7cf2ac41542b7ee666060805bb81?s=96&d=mm&r=g\",\"url\":\"https:\\\/\\\/secure.gravatar.com\\\/avatar\\\/7f91ea028825a332b578d3638c70457f45ec7cf2ac41542b7ee666060805bb81?s=96&d=mm&r=g\",\"contentUrl\":\"https:\\\/\\\/secure.gravatar.com\\\/avatar\\\/7f91ea028825a332b578d3638c70457f45ec7cf2ac41542b7ee666060805bb81?s=96&d=mm&r=g\",\"caption\":\"Frans Enala\"},\"url\":\"https:\\\/\\\/gnistan.fi\\\/en\\\/author\\\/frans\\\/\"}]}<\/script>\n<!-- \/ Yoast SEO plugin. -->","yoast_head_json":{"title":"Sami Okkonen IF Gnistanin naisten edustusjoukkueen p\u00e4\u00e4valmentajaksi - IF Gnistan","robots":{"index":"index","follow":"follow","max-snippet":"max-snippet:-1","max-image-preview":"max-image-preview:large","max-video-preview":"max-video-preview:-1"},"canonical":"https:\/\/gnistan.fi\/en\/2026\/09\/sami-okkonen-if-gnistanin-naisten-edustusjoukkueen-paavalmentajaksi\/","og_locale":"en_US","og_type":"article","og_title":"Sami Okkonen IF Gnistanin naisten edustusjoukkueen p\u00e4\u00e4valmentajaksi - IF Gnistan","og_description":"IF Gnistanin naisten edustusjoukkueen uutena p\u00e4\u00e4valmentajana aloittaa kaudella 2027 Sami Okkonen. Okkonen siirtyy teht\u00e4v\u00e4\u00e4n seuran sis\u00e4lt\u00e4, sill\u00e4 h\u00e4n on toiminut IF Gnistanin valmennusosaamisen kehitt\u00e4j\u00e4n\u00e4 marraskuusta 2024 l\u00e4htien.","og_url":"https:\/\/gnistan.fi\/en\/2026\/09\/sami-okkonen-if-gnistanin-naisten-edustusjoukkueen-paavalmentajaksi\/","og_site_name":"IF Gnistan","article_publisher":"https:\/\/facebook.com\/ifgnistan","article_published_time":"2026-09-03T16:01:24+00:00","article_modified_time":"2026-09-03T16:01:25+00:00","og_image":[{"width":2560,"height":1707,"url":"https:\/\/gnistan.fi\/wp-content\/uploads\/2026\/09\/IMG_2513-scaled.jpg","type":"image\/jpeg"}],"author":"Frans Enala","twitter_card":"summary_large_image","twitter_creator":"@ifgnistan1924","twitter_site":"@ifgnistan1924","twitter_misc":{"Written by":"Frans Enala","Est. reading time":"2 minutes"},"schema":{"@context":"https:\/\/schema.org","@graph":[{"@type":"Article","@id":"https:\/\/gnistan.fi\/2026\/09\/sami-okkonen-if-gnistanin-naisten-edustusjoukkueen-paavalmentajaksi\/#article","isPartOf":{"@id":"https:\/\/gnistan.fi\/2026\/09\/sami-okkonen-if-gnistanin-naisten-edustusjoukkueen-paavalmentajaksi\/"},"author":{"name":"Frans Enala","@id":"https:\/\/gnistan.fi\/#\/schema\/person\/b80682d090dffdaac97b10fdf8d95bc2"},"headline":"Sami Okkonen IF Gnistanin naisten edustusjoukkueen p\u00e4\u00e4valmentajaksi","datePublished":"2026-09-03T16:01:24+00:00","dateModified":"2026-09-03T16:01:25+00:00","mainEntityOfPage":{"@id":"https:\/\/gnistan.fi\/2026\/09\/sami-okkonen-if-gnistanin-naisten-edustusjoukkueen-paavalmentajaksi\/"},"wordCount":356,"publisher":{"@id":"https:\/\/gnistan.fi\/#organization"},"image":{"@id":"https:\/\/gnistan.fi\/2026\/09\/sami-okkonen-if-gnistanin-naisten-edustusjoukkueen-paavalmentajaksi\/#primaryimage"},"thumbnailUrl":"https:\/\/gnistan.fi\/wp-content\/uploads\/2026\/09\/IMG_2513-scaled.jpg","articleSection":["Uutinen"],"inLanguage":"en-US"},{"@type":"WebPage","@id":"https:\/\/gnistan.fi\/2026\/09\/sami-okkonen-if-gnistanin-naisten-edustusjoukkueen-paavalmentajaksi\/","url":"https:\/\/gnistan.fi\/2026\/09\/sami-okkonen-if-gnistanin-naisten-edustusjoukkueen-paavalmentajaksi\/","name":"Sami Okkonen IF Gnistanin naisten edustusjoukkueen p\u00e4\u00e4valmentajaksi - IF Gnistan","isPartOf":{"@id":"https:\/\/gnistan.fi\/#website"},"primaryImageOfPage":{"@id":"https:\/\/gnistan.fi\/2026\/09\/sami-okkonen-if-gnistanin-naisten-edustusjoukkueen-paavalmentajaksi\/#primaryimage"},"image":{"@id":"https:\/\/gnistan.fi\/2026\/09\/sami-okkonen-if-gnistanin-naisten-edustusjoukkueen-paavalmentajaksi\/#primaryimage"},"thumbnailUrl":"https:\/\/gnistan.fi\/wp-content\/uploads\/2026\/09\/IMG_2513-scaled.jpg","datePublished":"2026-09-03T16:01:24+00:00","dateModified":"2026-09-03T16:01:25+00:00","breadcrumb":{"@id":"https:\/\/gnistan.fi\/2026\/09\/sami-okkonen-if-gnistanin-naisten-edustusjoukkueen-paavalmentajaksi\/#breadcrumb"},"inLanguage":"en-US","potentialAction":[{"@type":"ReadAction","target":["https:\/\/gnistan.fi\/2026\/09\/sami-okkonen-if-gnistanin-naisten-edustusjoukkueen-paavalmentajaksi\/"]}]},{"@type":"ImageObject","inLanguage":"en-US","@id":"https:\/\/gnistan.fi\/2026\/09\/sami-okkonen-if-gnistanin-naisten-edustusjoukkueen-paavalmentajaksi\/#primaryimage","url":"https:\/\/gnistan.fi\/wp-content\/uploads\/2026\/09\/IMG_2513-scaled.jpg","contentUrl":"https:\/\/gnistan.fi\/wp-content\/uploads\/2026\/09\/IMG_2513-scaled.jpg","width":2560,"height":1707},{"@type":"BreadcrumbList","@id":"https:\/\/gnistan.fi\/2026\/09\/sami-okkonen-if-gnistanin-naisten-edustusjoukkueen-paavalmentajaksi\/#breadcrumb","itemListElement":[{"@type":"ListItem","position":1,"name":"Etusivu","item":"https:\/\/gnistan.fi\/"},{"@type":"ListItem","position":2,"name":"Sami Okkonen IF Gnistanin naisten edustusjoukkueen p\u00e4\u00e4valmentajaksi"}]},{"@type":"WebSite","@id":"https:\/\/gnistan.fi\/#website","url":"https:\/\/gnistan.fi\/","name":"IF Gnistan","description":"Viralliset sivut","publisher":{"@id":"https:\/\/gnistan.fi\/#organization"},"potentialAction":[{"@type":"SearchAction","target":{"@type":"EntryPoint","urlTemplate":"https:\/\/gnistan.fi\/?s={search_term_string}"},"query-input":{"@type":"PropertyValueSpecification","valueRequired":true,"valueName":"search_term_string"}}],"inLanguage":"en-US"},{"@type":"Organization","@id":"https:\/\/gnistan.fi\/#organization","name":"IF Gnistan","url":"https:\/\/gnistan.fi\/","logo":{"@type":"ImageObject","inLanguage":"en-US","@id":"https:\/\/gnistan.fi\/#\/schema\/logo\/image\/","url":"https:\/\/gnistan.fi\/wp-content\/uploads\/2019\/10\/if-gnistan-vector-logo.svg","contentUrl":"https:\/\/gnistan.fi\/wp-content\/uploads\/2019\/10\/if-gnistan-vector-logo.svg","width":269,"height":314,"caption":"IF Gnistan"},"image":{"@id":"https:\/\/gnistan.fi\/#\/schema\/logo\/image\/"},"sameAs":["https:\/\/facebook.com\/ifgnistan","https:\/\/x.com\/ifgnistan1924","https:\/\/instagram.com\/ifgnistan1924","https:\/\/www.linkedin.com\/company\/ifgnistan\/"]},{"@type":"Person","@id":"https:\/\/gnistan.fi\/#\/schema\/person\/b80682d090dffdaac97b10fdf8d95bc2","name":"Frans Enala","image":{"@type":"ImageObject","inLanguage":"en-US","@id":"https:\/\/secure.gravatar.com\/avatar\/7f91ea028825a332b578d3638c70457f45ec7cf2ac41542b7ee666060805bb81?s=96&d=mm&r=g","url":"https:\/\/secure.gravatar.com\/avatar\/7f91ea028825a332b578d3638c70457f45ec7cf2ac41542b7ee666060805bb81?s=96&d=mm&r=g","contentUrl":"https:\/\/secure.gravatar.com\/avatar\/7f91ea028825a332b578d3638c70457f45ec7cf2ac41542b7ee666060805bb81?s=96&d=mm&r=g","caption":"Frans Enala"},"url":"https:\/\/gnistan.fi\/en\/author\/frans\/"}]}},"jetpack_featured_media_url":"https:\/\/gnistan.fi\/wp-content\/uploads\/2026\/09\/IMG_2513-scaled.jpg","jetpack_sharing_enabled":true,"_links":{"self":[{"href":"https:\/\/gnistan.fi\/en\/wp-json\/wp\/v2\/posts\/50381","targetHints":{"allow":["GET"]}}],"collection":[{"href":"https:\/\/gnistan.fi\/en\/wp-json\/wp\/v2\/posts"}],"about":[{"href":"https:\/\/gnistan.fi\/en\/wp-json\/wp\/v2\/types\/post"}],"author":[{"embeddable":true,"href":"https:\/\/gnistan.fi\/en\/wp-json\/wp\/v2\/users\/27"}],"replies":[{"embeddable":true,"href":"https:\/\/gnistan.fi\/en\/wp-json\/wp\/v2\/comments?post=50381"}],"version-history":[{"count":3,"href":"https:\/\/gnistan.fi\/en\/wp-json\/wp\/v2\/posts\/50381\/revisions"}],"predecessor-version":[{"id":50419,"href":"https:\/\/gnistan.fi\/en\/wp-json\/wp\/v2\/posts\/50381\/revisions\/50419"}],"wp:featuredmedia":[{"embeddable":true,"href":"https:\/\/gnistan.fi\/en\/wp-json\/wp\/v2\/media\/50402"}],"wp:attachment":[{"href":"https:\/\/gnistan.fi\/en\/wp-json\/wp\/v2\/media?parent=50381"}],"wp:term":[{"taxonomy":"category","embeddable":true,"href":"https:\/\/gnistan.fi\/en\/wp-json\/wp\/v2\/categories?post=50381"},{"taxonomy":"post_tag","embeddable":true,"href":"https:\/\/gnistan.fi\/en\/wp-json\/wp\/v2\/tags?post=50381"}],"curies":[{"name":"wp","href":"https:\/\/api.w.org\/{rel}","templated":true}]}}