{"id":45231,"date":"2026-05-02T18:10:56","date_gmt":"2026-05-02T15:10:56","guid":{"rendered":"https:\/\/gnistan.fi\/?p=45231"},"modified":"2026-05-02T18:10:57","modified_gmt":"2026-05-02T15:10:57","slug":"otteluraportti-if-gnistan-murskasi-vifkn","status":"publish","type":"post","link":"https:\/\/gnistan.fi\/en\/2026\/05\/otteluraportti-if-gnistan-murskasi-vifkn\/","title":{"rendered":"Otteluraportti: IF Gnistan murskasi VIFK:n"},"content":{"rendered":"<p>Gnistanin&nbsp;avauskokoonpano s\u00e4ilyi aika lailla muuttumattomana edelliset\u00e4 voitokkaasta ottelusta Myyrm\u00e4ess\u00e4. Pelikieltonsa k\u00e4rsinyt&nbsp;<strong>Iida Laine<\/strong>&nbsp;palasi puolustuslinjaan, mik\u00e4 oli iso asia Kipin\u00e4lle.&nbsp;<\/p>\n\n\n\n<p>Ensimm\u00e4inen puoliaika ei viel\u00e4 antanut viitteit\u00e4 ottelun lopputuloksesta, sill\u00e4 VIFK oli joukkueista jopa aavistuksen vaarallisempi omissa hy\u00f6kk\u00e4yksiss\u00e4\u00e4n. Sinipaidat v\u00e4l\u00e4ytteliv\u00e4t vaarallisuuttaan ensimm\u00e4isen kerran 18. minuutilla, kun Steffi Hassinen murtautui oikealta laidalta laukaisupaikkaan.&nbsp;Gnistanin&nbsp;maalia vartioinut&nbsp;<strong>Irea&nbsp;Espejo&nbsp;Virtanen<\/strong>&nbsp;oli kuitenkin itse varmuus. Pallo toisensa per\u00e4\u00e4n p\u00e4\u00e4tyi&nbsp;Espejo&nbsp;Virtasen hanskoihin, oli kyseess\u00e4 sitten keskityspallo tai vastustajan laukaus kohti maalia.&nbsp;<\/p>\n\n\n\n<p>Puoliajan loppua kohden alkoi&nbsp;Gnistankin&nbsp;saada hy\u00f6kk\u00e4yspeliins\u00e4 vaarallisuutta. Ensimm\u00e4inen kunnon maalipaikka n\u00e4htiin 35. peliminuutilla, kun&nbsp;<strong>Jasmin&nbsp;Leppioja<\/strong>&nbsp;laukoi ensin tulisen kaukolaukauksen, jota vieraiden maalivahti&nbsp;<strong>Fanny S\u00f6derstr\u00f6m<\/strong>&nbsp;ei onnistunut liimaamaan. Paluupalloon p\u00e4\u00e4si&nbsp;<strong>Abby&nbsp;Kraemer<\/strong>&nbsp;h\u00e4tyyttelem\u00e4\u00e4n, mutta viel\u00e4 t\u00e4ss\u00e4 tilanteessa vieraat selvisiv\u00e4t takaiskuitta.&nbsp;<\/p>\n\n\n\n<p>Juuri ensimm\u00e4isen nelivitosen t\u00e4yttyess\u00e4 p\u00e4\u00e4si&nbsp;Gnistan&nbsp;iskem\u00e4\u00e4n nopean vastaiskun p\u00e4\u00e4tteeksi. Vauhtiin p\u00e4\u00e4ssyt&nbsp;<strong>Katy&nbsp;Byrne&nbsp;<\/strong>eteni suoraviivaisesti kohti maalia, haastoi vieraiden topparin&nbsp;<strong>Linda Kankaanp\u00e4\u00e4n<\/strong>&nbsp;1vs1-tilanteessa ja laukoi tulisen laukauksen, joka painui S\u00f6derstr\u00f6min k\u00e4sien kautta verkkoon.&nbsp;<\/p>\n\n\n\n<p>Byrnen &#8221;pukukoppimaalin&#8221; turvin puoliajan viettoon siirryttiin&nbsp;1-0&nbsp;tilanteessa.&nbsp;&nbsp;<\/p>\n\n\n\n<p>2. puoliajan alussa VIFK joutui vaihtamaan maalivahtia S\u00f6derstr\u00f6min loukkaantumisen vuoksi.&nbsp;&nbsp;<\/p>\n\n\n\n<p>Toisen puoliajan ensimm\u00e4inen paikka siunaantui viel\u00e4 vierailijoille, kun&nbsp;<strong>Minea Gr\u00f6nberg<\/strong>&nbsp;p\u00e4\u00e4si murtautumaan vasemmalta laidalta boksiin ja petasi lyhyell\u00e4 keskityksell\u00e4\u00e4n tekopaikan&nbsp;<strong>Cecilia Suomelalle<\/strong>, joka ei kuitenkaan l\u00e4hiet\u00e4isyydelt\u00e4 onnistunut yll\u00e4tt\u00e4m\u00e4\u00e4n&nbsp;Espejo&nbsp;Virtasta.&nbsp;&nbsp;<\/p>\n\n\n\n<p>T\u00e4m\u00e4n j\u00e4lkeen toinen nelivitonen olikin t\u00e4ynn\u00e4 keltaista fiestaa. Juhlat aloitti p\u00e4iv\u00e4n kuningatar&nbsp;Abby&nbsp;Kraemer, joka tuikkasi&nbsp;<strong>Antonia Pohjanoksan<\/strong>&nbsp;keskityksen l\u00e4helt\u00e4 sis\u00e4\u00e4n. Ottelua oli t\u00e4ss\u00e4 vaiheessa pelattu 47 minuuttia.&nbsp;<\/p>\n\n\n\n<p>Kraemer&nbsp;oli uudelleen asialla 57. minuutilla, kun&nbsp;<strong>Ada Lindrothin<\/strong>&nbsp;oikealta antama kulmapotku p\u00e4\u00e4tyi kanadalaisk\u00e4rjen p\u00e4\u00e4n kautta maalin takanurkkaan.&nbsp;<\/p>\n\n\n\n<p>Lis\u00e4\u00e4 oli luvassa vain nelisen minuuttia my\u00f6hemmin. Maali oli l\u00e4hes edelt\u00e4j\u00e4ns\u00e4 kopio: Lindrothin oikealta antama kulmapotku tavoitti t\u00e4ll\u00e4 kertaa Jasmin&nbsp;Leppiojan&nbsp;p\u00e4\u00e4n ja pallo oli samassa alakulmassa kuin hetke\u00e4 aiemmin.&nbsp;<\/p>\n\n\n\n<p>Seitsem\u00e4n minuuttia my\u00f6hemmin taululle iskettiin tylyt&nbsp;5-0&nbsp;lukemat.&nbsp;Abby&nbsp;Kraemer&nbsp;laukoi hattutempun t\u00e4yteen&nbsp;Katy&nbsp;Byrnen hankkimasta rangaistuspotkusta. Maali oli&nbsp;Kraemerille&nbsp;jo kauden kuudes.&nbsp;<\/p>\n\n\n\n<p>Ogelin&nbsp;vappujatkot saivat viel\u00e4 t\u00e4ydennyst\u00e4 kuudennen maalin muodossa 75. minuutilla. Ada Lindrothin vasen lapikas teki j\u00e4lleen tuhoisaa j\u00e4lke\u00e4 t\u00e4ll\u00e4 kertaa vapaapotkusta aivan rangaistusboksin rajalta. Lindrothin l\u00e4hett\u00e4m\u00e4 vapaapotku painui vastustamattomasti vasempaan yl\u00e4kulmaan.&nbsp;<\/p>\n\n\n\n<p>Gnistan&nbsp;otti seurahistoriansa ensimm\u00e4isen p\u00e4\u00e4sarjatason voiton kotiyleis\u00f6n edess\u00e4 murskaavin&nbsp;6-0&nbsp;lukemin.&nbsp;<\/p>\n\n\n\n<p>Head Coach&nbsp;<strong>Nikos&nbsp;Kalaitzis<\/strong>&nbsp;oli hyvin tyytyv\u00e4inen mies ottelun j\u00e4lkeen.&nbsp;<\/p>\n\n\n\n<p>&#8211; Mahtava tulos t\u00e4n\u00e4\u00e4n, upea tapa juhlistaa seuran ensimm\u00e4ist\u00e4 kotivoittoa! Ottelu ei alkanut kovin hyvin meilt\u00e4, \u200b\u200bmeid\u00e4t vedettiin pelaamaan vastustajan toiveiden mukaisesti ja oli selv\u00e4\u00e4, ett\u00e4 molemmilla joukkueilla oli paljon paineita. Puoliajalla teimme pieni\u00e4 viilauksia ja olen eritt\u00e4in ylpe\u00e4 joukkueen pelaamiseen emmek\u00e4 antaneet vastustajalle mit\u00e4\u00e4n mahdollisuuksia. Suuret onnittelut jokaiselle pelaajalle ja valmennustiimille, he tekiv\u00e4t fantastista ty\u00f6t\u00e4 tuoden kotiin toisen per\u00e4kk\u00e4isen voiton. Suuret kiitokset my\u00f6s faneille, jotka tulivat kannustamaan meit\u00e4!&nbsp;&nbsp;<\/p>\n\n\n\n<p><strong>IF Gnistanin naisten edustusjoukkueen kausi jatkuu ensi viikon lauantaina, kun joukkue matkaa T\u00f6\u00f6l\u00f6\u00f6n Bolt Arenalle paikallisvastustaja HJK:n vieraaksi.<\/strong><\/p>\n\n\n\n<p><\/p>","protected":false},"excerpt":{"rendered":"<p>Vappujatkot Ogelissa olivat kotiyleis\u00f6n n\u00e4k\u00f6kulmasta yht\u00e4 juhlaa. IF Gnistan otti toisen per\u00e4kk\u00e4isen voittonsa Kansallisessa liigassa 6-0 murskavoitolla VIFK:sta. P\u00e4\u00e4roolissa oli hattutempun laukonut Abby Kraemer. H\u00e4nen lis\u00e4kseen maalinteossa onnistuivat Katy Byrne, Jasmin Leppioja sek\u00e4 Ada Lindroth.<\/p>","protected":false},"author":29,"featured_media":45235,"comment_status":"closed","ping_status":"open","sticky":false,"template":"","format":"standard","meta":{"_acf_changed":false,"_jetpack_memberships_contains_paid_content":false,"footnotes":""},"categories":[1],"tags":[],"class_list":["post-45231","post","type-post","status-publish","format-standard","has-post-thumbnail","hentry","category-uutinen"],"acf":[],"yoast_head":"<!-- This site is optimized with the Yoast SEO plugin v27.5 - https:\/\/yoast.com\/product\/yoast-seo-wordpress\/ -->\n<title>Otteluraportti: IF Gnistan murskasi VIFK:n - IF Gnistan<\/title>\n<meta name=\"robots\" content=\"index, follow, max-snippet:-1, max-image-preview:large, max-video-preview:-1\" \/>\n<link rel=\"canonical\" href=\"https:\/\/gnistan.fi\/en\/2026\/05\/otteluraportti-if-gnistan-murskasi-vifkn\/\" \/>\n<meta property=\"og:locale\" content=\"en_US\" \/>\n<meta property=\"og:type\" content=\"article\" \/>\n<meta property=\"og:title\" content=\"Otteluraportti: IF Gnistan murskasi VIFK:n - IF Gnistan\" \/>\n<meta property=\"og:description\" content=\"Vappujatkot Ogelissa olivat kotiyleis\u00f6n n\u00e4k\u00f6kulmasta yht\u00e4 juhlaa. IF Gnistan otti toisen per\u00e4kk\u00e4isen voittonsa Kansallisessa liigassa 6-0 murskavoitolla VIFK:sta. P\u00e4\u00e4roolissa oli hattutempun laukonut Abby Kraemer. H\u00e4nen lis\u00e4kseen maalinteossa onnistuivat Katy Byrne, Jasmin Leppioja sek\u00e4 Ada Lindroth.\" \/>\n<meta property=\"og:url\" content=\"https:\/\/gnistan.fi\/en\/2026\/05\/otteluraportti-if-gnistan-murskasi-vifkn\/\" \/>\n<meta property=\"og:site_name\" content=\"IF Gnistan\" \/>\n<meta property=\"article:publisher\" content=\"https:\/\/facebook.com\/ifgnistan\" \/>\n<meta property=\"article:published_time\" content=\"2026-05-02T15:10:56+00:00\" \/>\n<meta property=\"article:modified_time\" content=\"2026-05-02T15:10:57+00:00\" \/>\n<meta property=\"og:image\" content=\"https:\/\/gnistan.fi\/wp-content\/uploads\/2026\/05\/181A1810-scaled.jpg\" \/>\n\t<meta property=\"og:image:width\" content=\"2560\" \/>\n\t<meta property=\"og:image:height\" content=\"1708\" \/>\n\t<meta property=\"og:image:type\" content=\"image\/jpeg\" \/>\n<meta name=\"author\" content=\"Janne T\u00e4hk\u00e4\" \/>\n<meta name=\"twitter:card\" content=\"summary_large_image\" \/>\n<meta name=\"twitter:creator\" content=\"@ifgnistan1924\" \/>\n<meta name=\"twitter:site\" content=\"@ifgnistan1924\" \/>\n<meta name=\"twitter:label1\" content=\"Written by\" \/>\n\t<meta name=\"twitter:data1\" content=\"Janne T\u00e4hk\u00e4\" \/>\n\t<meta name=\"twitter:label2\" content=\"Est. reading time\" \/>\n\t<meta name=\"twitter:data2\" content=\"3 minutes\" \/>\n<script type=\"application\/ld+json\" class=\"yoast-schema-graph\">{\"@context\":\"https:\\\/\\\/schema.org\",\"@graph\":[{\"@type\":\"Article\",\"@id\":\"https:\\\/\\\/gnistan.fi\\\/2026\\\/05\\\/otteluraportti-if-gnistan-murskasi-vifkn\\\/#article\",\"isPartOf\":{\"@id\":\"https:\\\/\\\/gnistan.fi\\\/2026\\\/05\\\/otteluraportti-if-gnistan-murskasi-vifkn\\\/\"},\"author\":{\"name\":\"Janne T\u00e4hk\u00e4\",\"@id\":\"https:\\\/\\\/gnistan.fi\\\/#\\\/schema\\\/person\\\/66f3d9b04d7cbb1180f3843ac3c8e7c0\"},\"headline\":\"Otteluraportti: IF Gnistan murskasi VIFK:n\",\"datePublished\":\"2026-05-02T15:10:56+00:00\",\"dateModified\":\"2026-05-02T15:10:57+00:00\",\"mainEntityOfPage\":{\"@id\":\"https:\\\/\\\/gnistan.fi\\\/2026\\\/05\\\/otteluraportti-if-gnistan-murskasi-vifkn\\\/\"},\"wordCount\":612,\"publisher\":{\"@id\":\"https:\\\/\\\/gnistan.fi\\\/#organization\"},\"image\":{\"@id\":\"https:\\\/\\\/gnistan.fi\\\/2026\\\/05\\\/otteluraportti-if-gnistan-murskasi-vifkn\\\/#primaryimage\"},\"thumbnailUrl\":\"https:\\\/\\\/gnistan.fi\\\/wp-content\\\/uploads\\\/2026\\\/05\\\/181A1810-scaled.jpg\",\"articleSection\":[\"Uutinen\"],\"inLanguage\":\"en-US\"},{\"@type\":\"WebPage\",\"@id\":\"https:\\\/\\\/gnistan.fi\\\/2026\\\/05\\\/otteluraportti-if-gnistan-murskasi-vifkn\\\/\",\"url\":\"https:\\\/\\\/gnistan.fi\\\/2026\\\/05\\\/otteluraportti-if-gnistan-murskasi-vifkn\\\/\",\"name\":\"Otteluraportti: IF Gnistan murskasi VIFK:n - IF Gnistan\",\"isPartOf\":{\"@id\":\"https:\\\/\\\/gnistan.fi\\\/#website\"},\"primaryImageOfPage\":{\"@id\":\"https:\\\/\\\/gnistan.fi\\\/2026\\\/05\\\/otteluraportti-if-gnistan-murskasi-vifkn\\\/#primaryimage\"},\"image\":{\"@id\":\"https:\\\/\\\/gnistan.fi\\\/2026\\\/05\\\/otteluraportti-if-gnistan-murskasi-vifkn\\\/#primaryimage\"},\"thumbnailUrl\":\"https:\\\/\\\/gnistan.fi\\\/wp-content\\\/uploads\\\/2026\\\/05\\\/181A1810-scaled.jpg\",\"datePublished\":\"2026-05-02T15:10:56+00:00\",\"dateModified\":\"2026-05-02T15:10:57+00:00\",\"breadcrumb\":{\"@id\":\"https:\\\/\\\/gnistan.fi\\\/2026\\\/05\\\/otteluraportti-if-gnistan-murskasi-vifkn\\\/#breadcrumb\"},\"inLanguage\":\"en-US\",\"potentialAction\":[{\"@type\":\"ReadAction\",\"target\":[\"https:\\\/\\\/gnistan.fi\\\/2026\\\/05\\\/otteluraportti-if-gnistan-murskasi-vifkn\\\/\"]}]},{\"@type\":\"ImageObject\",\"inLanguage\":\"en-US\",\"@id\":\"https:\\\/\\\/gnistan.fi\\\/2026\\\/05\\\/otteluraportti-if-gnistan-murskasi-vifkn\\\/#primaryimage\",\"url\":\"https:\\\/\\\/gnistan.fi\\\/wp-content\\\/uploads\\\/2026\\\/05\\\/181A1810-scaled.jpg\",\"contentUrl\":\"https:\\\/\\\/gnistan.fi\\\/wp-content\\\/uploads\\\/2026\\\/05\\\/181A1810-scaled.jpg\",\"width\":2560,\"height\":1708},{\"@type\":\"BreadcrumbList\",\"@id\":\"https:\\\/\\\/gnistan.fi\\\/2026\\\/05\\\/otteluraportti-if-gnistan-murskasi-vifkn\\\/#breadcrumb\",\"itemListElement\":[{\"@type\":\"ListItem\",\"position\":1,\"name\":\"Etusivu\",\"item\":\"https:\\\/\\\/gnistan.fi\\\/\"},{\"@type\":\"ListItem\",\"position\":2,\"name\":\"Otteluraportti: IF Gnistan murskasi VIFK:n\"}]},{\"@type\":\"WebSite\",\"@id\":\"https:\\\/\\\/gnistan.fi\\\/#website\",\"url\":\"https:\\\/\\\/gnistan.fi\\\/\",\"name\":\"IF Gnistan\",\"description\":\"Viralliset sivut\",\"publisher\":{\"@id\":\"https:\\\/\\\/gnistan.fi\\\/#organization\"},\"potentialAction\":[{\"@type\":\"SearchAction\",\"target\":{\"@type\":\"EntryPoint\",\"urlTemplate\":\"https:\\\/\\\/gnistan.fi\\\/?s={search_term_string}\"},\"query-input\":{\"@type\":\"PropertyValueSpecification\",\"valueRequired\":true,\"valueName\":\"search_term_string\"}}],\"inLanguage\":\"en-US\"},{\"@type\":\"Organization\",\"@id\":\"https:\\\/\\\/gnistan.fi\\\/#organization\",\"name\":\"IF Gnistan\",\"url\":\"https:\\\/\\\/gnistan.fi\\\/\",\"logo\":{\"@type\":\"ImageObject\",\"inLanguage\":\"en-US\",\"@id\":\"https:\\\/\\\/gnistan.fi\\\/#\\\/schema\\\/logo\\\/image\\\/\",\"url\":\"https:\\\/\\\/gnistan.fi\\\/wp-content\\\/uploads\\\/2019\\\/10\\\/if-gnistan-vector-logo.svg\",\"contentUrl\":\"https:\\\/\\\/gnistan.fi\\\/wp-content\\\/uploads\\\/2019\\\/10\\\/if-gnistan-vector-logo.svg\",\"width\":269,\"height\":314,\"caption\":\"IF Gnistan\"},\"image\":{\"@id\":\"https:\\\/\\\/gnistan.fi\\\/#\\\/schema\\\/logo\\\/image\\\/\"},\"sameAs\":[\"https:\\\/\\\/facebook.com\\\/ifgnistan\",\"https:\\\/\\\/x.com\\\/ifgnistan1924\",\"https:\\\/\\\/instagram.com\\\/ifgnistan1924\",\"https:\\\/\\\/www.linkedin.com\\\/company\\\/ifgnistan\\\/\"]},{\"@type\":\"Person\",\"@id\":\"https:\\\/\\\/gnistan.fi\\\/#\\\/schema\\\/person\\\/66f3d9b04d7cbb1180f3843ac3c8e7c0\",\"name\":\"Janne T\u00e4hk\u00e4\",\"image\":{\"@type\":\"ImageObject\",\"inLanguage\":\"en-US\",\"@id\":\"https:\\\/\\\/secure.gravatar.com\\\/avatar\\\/cdefbc53c94c86766cf1ede2006230fecff7eacaa5befe48136e4e4ee7b1cf26?s=96&d=mm&r=g\",\"url\":\"https:\\\/\\\/secure.gravatar.com\\\/avatar\\\/cdefbc53c94c86766cf1ede2006230fecff7eacaa5befe48136e4e4ee7b1cf26?s=96&d=mm&r=g\",\"contentUrl\":\"https:\\\/\\\/secure.gravatar.com\\\/avatar\\\/cdefbc53c94c86766cf1ede2006230fecff7eacaa5befe48136e4e4ee7b1cf26?s=96&d=mm&r=g\",\"caption\":\"Janne T\u00e4hk\u00e4\"},\"url\":\"https:\\\/\\\/gnistan.fi\\\/en\\\/author\\\/janne\\\/\"}]}<\/script>\n<!-- \/ Yoast SEO plugin. -->","yoast_head_json":{"title":"Otteluraportti: IF Gnistan murskasi VIFK:n - IF Gnistan","robots":{"index":"index","follow":"follow","max-snippet":"max-snippet:-1","max-image-preview":"max-image-preview:large","max-video-preview":"max-video-preview:-1"},"canonical":"https:\/\/gnistan.fi\/en\/2026\/05\/otteluraportti-if-gnistan-murskasi-vifkn\/","og_locale":"en_US","og_type":"article","og_title":"Otteluraportti: IF Gnistan murskasi VIFK:n - IF Gnistan","og_description":"Vappujatkot Ogelissa olivat kotiyleis\u00f6n n\u00e4k\u00f6kulmasta yht\u00e4 juhlaa. IF Gnistan otti toisen per\u00e4kk\u00e4isen voittonsa Kansallisessa liigassa 6-0 murskavoitolla VIFK:sta. P\u00e4\u00e4roolissa oli hattutempun laukonut Abby Kraemer. H\u00e4nen lis\u00e4kseen maalinteossa onnistuivat Katy Byrne, Jasmin Leppioja sek\u00e4 Ada Lindroth.","og_url":"https:\/\/gnistan.fi\/en\/2026\/05\/otteluraportti-if-gnistan-murskasi-vifkn\/","og_site_name":"IF Gnistan","article_publisher":"https:\/\/facebook.com\/ifgnistan","article_published_time":"2026-05-02T15:10:56+00:00","article_modified_time":"2026-05-02T15:10:57+00:00","og_image":[{"width":2560,"height":1708,"url":"https:\/\/gnistan.fi\/wp-content\/uploads\/2026\/05\/181A1810-scaled.jpg","type":"image\/jpeg"}],"author":"Janne T\u00e4hk\u00e4","twitter_card":"summary_large_image","twitter_creator":"@ifgnistan1924","twitter_site":"@ifgnistan1924","twitter_misc":{"Written by":"Janne T\u00e4hk\u00e4","Est. reading time":"3 minutes"},"schema":{"@context":"https:\/\/schema.org","@graph":[{"@type":"Article","@id":"https:\/\/gnistan.fi\/2026\/05\/otteluraportti-if-gnistan-murskasi-vifkn\/#article","isPartOf":{"@id":"https:\/\/gnistan.fi\/2026\/05\/otteluraportti-if-gnistan-murskasi-vifkn\/"},"author":{"name":"Janne T\u00e4hk\u00e4","@id":"https:\/\/gnistan.fi\/#\/schema\/person\/66f3d9b04d7cbb1180f3843ac3c8e7c0"},"headline":"Otteluraportti: IF Gnistan murskasi VIFK:n","datePublished":"2026-05-02T15:10:56+00:00","dateModified":"2026-05-02T15:10:57+00:00","mainEntityOfPage":{"@id":"https:\/\/gnistan.fi\/2026\/05\/otteluraportti-if-gnistan-murskasi-vifkn\/"},"wordCount":612,"publisher":{"@id":"https:\/\/gnistan.fi\/#organization"},"image":{"@id":"https:\/\/gnistan.fi\/2026\/05\/otteluraportti-if-gnistan-murskasi-vifkn\/#primaryimage"},"thumbnailUrl":"https:\/\/gnistan.fi\/wp-content\/uploads\/2026\/05\/181A1810-scaled.jpg","articleSection":["Uutinen"],"inLanguage":"en-US"},{"@type":"WebPage","@id":"https:\/\/gnistan.fi\/2026\/05\/otteluraportti-if-gnistan-murskasi-vifkn\/","url":"https:\/\/gnistan.fi\/2026\/05\/otteluraportti-if-gnistan-murskasi-vifkn\/","name":"Otteluraportti: IF Gnistan murskasi VIFK:n - IF Gnistan","isPartOf":{"@id":"https:\/\/gnistan.fi\/#website"},"primaryImageOfPage":{"@id":"https:\/\/gnistan.fi\/2026\/05\/otteluraportti-if-gnistan-murskasi-vifkn\/#primaryimage"},"image":{"@id":"https:\/\/gnistan.fi\/2026\/05\/otteluraportti-if-gnistan-murskasi-vifkn\/#primaryimage"},"thumbnailUrl":"https:\/\/gnistan.fi\/wp-content\/uploads\/2026\/05\/181A1810-scaled.jpg","datePublished":"2026-05-02T15:10:56+00:00","dateModified":"2026-05-02T15:10:57+00:00","breadcrumb":{"@id":"https:\/\/gnistan.fi\/2026\/05\/otteluraportti-if-gnistan-murskasi-vifkn\/#breadcrumb"},"inLanguage":"en-US","potentialAction":[{"@type":"ReadAction","target":["https:\/\/gnistan.fi\/2026\/05\/otteluraportti-if-gnistan-murskasi-vifkn\/"]}]},{"@type":"ImageObject","inLanguage":"en-US","@id":"https:\/\/gnistan.fi\/2026\/05\/otteluraportti-if-gnistan-murskasi-vifkn\/#primaryimage","url":"https:\/\/gnistan.fi\/wp-content\/uploads\/2026\/05\/181A1810-scaled.jpg","contentUrl":"https:\/\/gnistan.fi\/wp-content\/uploads\/2026\/05\/181A1810-scaled.jpg","width":2560,"height":1708},{"@type":"BreadcrumbList","@id":"https:\/\/gnistan.fi\/2026\/05\/otteluraportti-if-gnistan-murskasi-vifkn\/#breadcrumb","itemListElement":[{"@type":"ListItem","position":1,"name":"Etusivu","item":"https:\/\/gnistan.fi\/"},{"@type":"ListItem","position":2,"name":"Otteluraportti: IF Gnistan murskasi VIFK:n"}]},{"@type":"WebSite","@id":"https:\/\/gnistan.fi\/#website","url":"https:\/\/gnistan.fi\/","name":"IF Gnistan","description":"Viralliset sivut","publisher":{"@id":"https:\/\/gnistan.fi\/#organization"},"potentialAction":[{"@type":"SearchAction","target":{"@type":"EntryPoint","urlTemplate":"https:\/\/gnistan.fi\/?s={search_term_string}"},"query-input":{"@type":"PropertyValueSpecification","valueRequired":true,"valueName":"search_term_string"}}],"inLanguage":"en-US"},{"@type":"Organization","@id":"https:\/\/gnistan.fi\/#organization","name":"IF Gnistan","url":"https:\/\/gnistan.fi\/","logo":{"@type":"ImageObject","inLanguage":"en-US","@id":"https:\/\/gnistan.fi\/#\/schema\/logo\/image\/","url":"https:\/\/gnistan.fi\/wp-content\/uploads\/2019\/10\/if-gnistan-vector-logo.svg","contentUrl":"https:\/\/gnistan.fi\/wp-content\/uploads\/2019\/10\/if-gnistan-vector-logo.svg","width":269,"height":314,"caption":"IF Gnistan"},"image":{"@id":"https:\/\/gnistan.fi\/#\/schema\/logo\/image\/"},"sameAs":["https:\/\/facebook.com\/ifgnistan","https:\/\/x.com\/ifgnistan1924","https:\/\/instagram.com\/ifgnistan1924","https:\/\/www.linkedin.com\/company\/ifgnistan\/"]},{"@type":"Person","@id":"https:\/\/gnistan.fi\/#\/schema\/person\/66f3d9b04d7cbb1180f3843ac3c8e7c0","name":"Janne T\u00e4hk\u00e4","image":{"@type":"ImageObject","inLanguage":"en-US","@id":"https:\/\/secure.gravatar.com\/avatar\/cdefbc53c94c86766cf1ede2006230fecff7eacaa5befe48136e4e4ee7b1cf26?s=96&d=mm&r=g","url":"https:\/\/secure.gravatar.com\/avatar\/cdefbc53c94c86766cf1ede2006230fecff7eacaa5befe48136e4e4ee7b1cf26?s=96&d=mm&r=g","contentUrl":"https:\/\/secure.gravatar.com\/avatar\/cdefbc53c94c86766cf1ede2006230fecff7eacaa5befe48136e4e4ee7b1cf26?s=96&d=mm&r=g","caption":"Janne T\u00e4hk\u00e4"},"url":"https:\/\/gnistan.fi\/en\/author\/janne\/"}]}},"jetpack_featured_media_url":"https:\/\/gnistan.fi\/wp-content\/uploads\/2026\/05\/181A1810-scaled.jpg","jetpack_sharing_enabled":true,"_links":{"self":[{"href":"https:\/\/gnistan.fi\/en\/wp-json\/wp\/v2\/posts\/45231","targetHints":{"allow":["GET"]}}],"collection":[{"href":"https:\/\/gnistan.fi\/en\/wp-json\/wp\/v2\/posts"}],"about":[{"href":"https:\/\/gnistan.fi\/en\/wp-json\/wp\/v2\/types\/post"}],"author":[{"embeddable":true,"href":"https:\/\/gnistan.fi\/en\/wp-json\/wp\/v2\/users\/29"}],"replies":[{"embeddable":true,"href":"https:\/\/gnistan.fi\/en\/wp-json\/wp\/v2\/comments?post=45231"}],"version-history":[{"count":4,"href":"https:\/\/gnistan.fi\/en\/wp-json\/wp\/v2\/posts\/45231\/revisions"}],"predecessor-version":[{"id":45237,"href":"https:\/\/gnistan.fi\/en\/wp-json\/wp\/v2\/posts\/45231\/revisions\/45237"}],"wp:featuredmedia":[{"embeddable":true,"href":"https:\/\/gnistan.fi\/en\/wp-json\/wp\/v2\/media\/45235"}],"wp:attachment":[{"href":"https:\/\/gnistan.fi\/en\/wp-json\/wp\/v2\/media?parent=45231"}],"wp:term":[{"taxonomy":"category","embeddable":true,"href":"https:\/\/gnistan.fi\/en\/wp-json\/wp\/v2\/categories?post=45231"},{"taxonomy":"post_tag","embeddable":true,"href":"https:\/\/gnistan.fi\/en\/wp-json\/wp\/v2\/tags?post=45231"}],"curies":[{"name":"wp","href":"https:\/\/api.w.org\/{rel}","templated":true}]}}