{"id":45219,"date":"2026-05-01T12:39:58","date_gmt":"2026-05-01T09:39:58","guid":{"rendered":"https:\/\/gnistan.fi\/?p=45219"},"modified":"2026-05-01T13:02:13","modified_gmt":"2026-05-01T10:02:13","slug":"otteluennakko-if-gnistan-emannoi-vifkta-lauantaina","status":"publish","type":"post","link":"https:\/\/gnistan.fi\/en\/2026\/05\/otteluennakko-if-gnistan-emannoi-vifkta-lauantaina\/","title":{"rendered":"Otteluennakko: IF Gnistan em\u00e4nn\u00f6i VIFK:ta lauantaina"},"content":{"rendered":"<p>IF Gnistan otti seurahistoriansa ensimm\u00e4isen voiton p\u00e4\u00e4sarjatasolla kaatamalla PK-35 Vantaan 2-3 viime perjantain ottelussa. Kausi oli alkanut kahdella tappiolla eik\u00e4 Myyrm\u00e4en stadionillakaan pelattu ottelu alkanut lupaavasti, sill\u00e4 PK-35 Vantaa karkasi jo kahden maalin karkumatkalle ensimm\u00e4isell\u00e4 puoliajalla. Gnistan kiri kuitenkin tasoihin jo ennen taukoa <strong>Abby Kraemerin<\/strong> ja <strong>Jasmin Leppiojan<\/strong> osumilla. Keltapaitoihin t\u00e4ksi kaudeksi siirtynyt Kraemer nousi lopulta ottelun sankariksi laukomalla voittomaalin 76. peliminuutilla. P\u00e4\u00e4valmentaja <strong>Nikos Kalaitzis<\/strong> n\u00e4ki Gnistanin olleen suurimman osan ottelusta parempi joukkue, mutta otteen herpaantumisen vuoksi vastustaja p\u00e4\u00e4si edelle. P\u00e4\u00e4valmentaja oli kuitenkin ylpe\u00e4 joukkueensa reaktioon tappioasemassa. Mahtava asenne ja luja voitontahto olivat nousun avain. Samaa otetta on oltava n\u00e4kyviss\u00e4 lauantainakin, sill\u00e4 sarjan jumbona k\u00e4rvistelev\u00e4 VIFK ei varmasti anna mit\u00e4\u00e4n ilmaiseksi keltapaidoille.<\/p>\n\n\n\n<p>Toisen kautensa Kansallisessa liigassa aloittanut VIFK on h\u00e4vinnyt kaikki kolme otteluaan. Vaasalaisten ohjelma on tosin ollut todella haastava, sill\u00e4 kotikent\u00e4ll\u00e4\u00e4n VIFK on kohdannut sarjan kaksi suurinta ennakkosuosikkia HJK:n ja KuPS:n ja v\u00e4liss\u00e4 oli edess\u00e4 vaikea vierasottelu Ilvest\u00e4 vastaan. HJK:ta vastaan VIFK h\u00e4visi urhoollisen taistelun j\u00e4lkeen kent\u00e4ll\u00e4 0-1, mutta j\u00e4lkeenp\u00e4in lopputulos muutettiin muotoon 0-3 VIFK:n peluutettua pelioikeudettomia pelaajia. Edellisess\u00e4 ottelussaan VIFK sai maalitilins\u00e4 aukaistua KuPS:a vastaan, mutta se oli laiha lohtu kuopiolaisten haettua Vaasasta 1-3 vierasvoiton.<\/p>\n\n\n\n<p>Viime kaudella sarjanousija yll\u00e4tti kaikki selvi\u00e4m\u00e4ll\u00e4 mestaruussarjaan. Kuluvaan kauteen <strong>Tomi K\u00e4rkk\u00e4isen<\/strong> johtama joukkue l\u00e4hti samoin tavoittein. Tavoitteen t\u00e4ytt\u00e4misess\u00e4 on paljon vartijana maalivahti <strong>Fanny S\u00f6derstr\u00f6m<\/strong>, joka kuuluu sarjan ver\u00e4j\u00e4nvartijoiden parhaimmistoon. Hy\u00f6kk\u00e4yksess\u00e4 sinivalkoisten riveist\u00e4 l\u00f6ytyy useita pelaajia, jotka kykenev\u00e4t otteillaan luomaan uhkaa vastustajan viimeisell\u00e4 kolmanneksella. Joukkueessa jatkanut <strong>Cecilia Suominen<\/strong> saa tuekseen PK-35 Vantaasta siirtyneet <strong>Minea Gr\u00f6nbergin<\/strong> sek\u00e4 <strong>Steffi Hassisen<\/strong>, joka saikin maalihanat auki edellisess\u00e4 ottelussa. Hy\u00f6kk\u00e4yspelin sijaan VIFK nojaa kuitenkin puolustuspelaamiseen, jossa isossa roolissa ovat muun muassa l\u00e4pimurron partaalla oleva <strong>Amanda Kass<\/strong> sek\u00e4 VIFK:n oma kasvatti <strong>Linda Kankaanp\u00e4\u00e4<\/strong>.<\/p>\n\n\n\n<p>Vaasalaisten vaikeasta kauden alusta huolimatta Gnistanin p\u00e4\u00e4valmentaja Kalaitzis korostaa, ett\u00e4 vastustajaa ei miss\u00e4\u00e4n nimess\u00e4 tule aliarvioida.<\/p>\n\n\n\n<p>&#8211; Odotamme kovaa ottelua VIFK:ta vastaan, vaikka heill\u00e4 onkin pistetili viel\u00e4 avaamatta. He ovat hyv\u00e4 joukkue, joka tekee taistelullaan pelin vaikeaksi vastustajalle. VIFK on hyvin valmennettu joukkue, tiivis puolustuksessa ja vaarallinen tilanteenvaihdoissa, joten meid\u00e4n on pidett\u00e4v\u00e4 peli hallinnassa emmek\u00e4 saa pelata heid\u00e4n peli\u00e4\u00e4n.<\/p>\n\n\n\n<p>Viime perjantaisen voiton siivitt\u00e4m\u00e4 Gnistan on harjoitellut t\u00e4ll\u00e4 viikolla kovaa ja hyv\u00e4ll\u00e4 fiiliksell\u00e4. Joukkueen terveystilannekin n\u00e4ytt\u00e4\u00e4 paljon paremmalta kuin viikko takaperin.<\/p>\n\n\n\n<p>&#8211; Tunnelma on ollut t\u00e4ll\u00e4 viikolla todella hyv\u00e4 viime viikon valtavan voiton j\u00e4lkeen. Kaikki haluavat jatkaa voittokulkuamme ja saada entist\u00e4 enemm\u00e4n itseluottamusta loppukaudelle. Monet pelaajat ovat lis\u00e4ksi toipuneet loukkaantumisistaan, joten tilanne n\u00e4ytt\u00e4\u00e4 hyv\u00e4lt\u00e4 ja olemme valmiita taistelemaan ensimm\u00e4isist\u00e4 pisteist\u00e4 kotona.<\/p>\n\n\n\n<p>Vappua on luontevaa jatkaa Oulunkyl\u00e4ss\u00e4 Kansallisen Liigan ottelun merkeiss\u00e4. Tule kannustamaan Gnistanin naisten edustusjoukkue kauden toiseen voittonsa! Voit ostaa lippusi ennakkoon <a href=\"https:\/\/gnistan.tmtickets.fi\/EDP\/Event\/Index\/26\">t\u00e4\u00e4lt\u00e4<\/a>. Lippuja myyd\u00e4\u00e4n ottelup\u00e4iv\u00e4n\u00e4 my\u00f6s portilta.<br><\/p>\n\n\n\n<p><\/p>","protected":false},"excerpt":{"rendered":"<p>Voittojen makuun Kansallisessa liigassa p\u00e4\u00e4ssyt IF Gnistan saa lauantaina vieraita Vaasasta. Ottelu alkaa Oulunkyl\u00e4n Markku.fi areenalla kello 14:00.<\/p>","protected":false},"author":29,"featured_media":45221,"comment_status":"closed","ping_status":"open","sticky":false,"template":"","format":"standard","meta":{"_acf_changed":false,"_jetpack_memberships_contains_paid_content":false,"footnotes":""},"categories":[1],"tags":[],"class_list":["post-45219","post","type-post","status-publish","format-standard","has-post-thumbnail","hentry","category-uutinen"],"acf":[],"yoast_head":"<!-- This site is optimized with the Yoast SEO plugin v27.5 - https:\/\/yoast.com\/product\/yoast-seo-wordpress\/ -->\n<title>Otteluennakko: IF Gnistan em\u00e4nn\u00f6i VIFK:ta lauantaina - IF Gnistan<\/title>\n<meta name=\"robots\" content=\"index, follow, max-snippet:-1, max-image-preview:large, max-video-preview:-1\" \/>\n<link rel=\"canonical\" href=\"https:\/\/gnistan.fi\/en\/2026\/05\/otteluennakko-if-gnistan-emannoi-vifkta-lauantaina\/\" \/>\n<meta property=\"og:locale\" content=\"en_US\" \/>\n<meta property=\"og:type\" content=\"article\" \/>\n<meta property=\"og:title\" content=\"Otteluennakko: IF Gnistan em\u00e4nn\u00f6i VIFK:ta lauantaina - IF Gnistan\" \/>\n<meta property=\"og:description\" content=\"Voittojen makuun Kansallisessa liigassa p\u00e4\u00e4ssyt IF Gnistan saa lauantaina vieraita Vaasasta. Ottelu alkaa Oulunkyl\u00e4n Markku.fi areenalla kello 14:00.\" \/>\n<meta property=\"og:url\" content=\"https:\/\/gnistan.fi\/en\/2026\/05\/otteluennakko-if-gnistan-emannoi-vifkta-lauantaina\/\" \/>\n<meta property=\"og:site_name\" content=\"IF Gnistan\" \/>\n<meta property=\"article:publisher\" content=\"https:\/\/facebook.com\/ifgnistan\" \/>\n<meta property=\"article:published_time\" content=\"2026-05-01T09:39:58+00:00\" \/>\n<meta property=\"article:modified_time\" content=\"2026-05-01T10:02:13+00:00\" \/>\n<meta property=\"og:image\" content=\"https:\/\/gnistan.fi\/wp-content\/uploads\/2026\/05\/WhatsApp-Image-2026-05-01-at-11.34.59-e1777628149405.jpeg\" \/>\n\t<meta property=\"og:image:width\" content=\"1580\" \/>\n\t<meta property=\"og:image:height\" content=\"1256\" \/>\n\t<meta property=\"og:image:type\" content=\"image\/jpeg\" \/>\n<meta name=\"author\" content=\"Janne T\u00e4hk\u00e4\" \/>\n<meta name=\"twitter:card\" content=\"summary_large_image\" \/>\n<meta name=\"twitter:creator\" content=\"@ifgnistan1924\" \/>\n<meta name=\"twitter:site\" content=\"@ifgnistan1924\" \/>\n<meta name=\"twitter:label1\" content=\"Written by\" \/>\n\t<meta name=\"twitter:data1\" content=\"Janne T\u00e4hk\u00e4\" \/>\n\t<meta name=\"twitter:label2\" content=\"Est. reading time\" \/>\n\t<meta name=\"twitter:data2\" content=\"3 minutes\" \/>\n<script type=\"application\/ld+json\" class=\"yoast-schema-graph\">{\"@context\":\"https:\\\/\\\/schema.org\",\"@graph\":[{\"@type\":\"Article\",\"@id\":\"https:\\\/\\\/gnistan.fi\\\/2026\\\/05\\\/otteluennakko-if-gnistan-emannoi-vifkta-lauantaina\\\/#article\",\"isPartOf\":{\"@id\":\"https:\\\/\\\/gnistan.fi\\\/2026\\\/05\\\/otteluennakko-if-gnistan-emannoi-vifkta-lauantaina\\\/\"},\"author\":{\"name\":\"Janne T\u00e4hk\u00e4\",\"@id\":\"https:\\\/\\\/gnistan.fi\\\/#\\\/schema\\\/person\\\/66f3d9b04d7cbb1180f3843ac3c8e7c0\"},\"headline\":\"Otteluennakko: IF Gnistan em\u00e4nn\u00f6i VIFK:ta lauantaina\",\"datePublished\":\"2026-05-01T09:39:58+00:00\",\"dateModified\":\"2026-05-01T10:02:13+00:00\",\"mainEntityOfPage\":{\"@id\":\"https:\\\/\\\/gnistan.fi\\\/2026\\\/05\\\/otteluennakko-if-gnistan-emannoi-vifkta-lauantaina\\\/\"},\"wordCount\":499,\"publisher\":{\"@id\":\"https:\\\/\\\/gnistan.fi\\\/#organization\"},\"image\":{\"@id\":\"https:\\\/\\\/gnistan.fi\\\/2026\\\/05\\\/otteluennakko-if-gnistan-emannoi-vifkta-lauantaina\\\/#primaryimage\"},\"thumbnailUrl\":\"https:\\\/\\\/gnistan.fi\\\/wp-content\\\/uploads\\\/2026\\\/05\\\/WhatsApp-Image-2026-05-01-at-11.34.59-e1777628149405.jpeg\",\"articleSection\":[\"Uutinen\"],\"inLanguage\":\"en-US\"},{\"@type\":\"WebPage\",\"@id\":\"https:\\\/\\\/gnistan.fi\\\/2026\\\/05\\\/otteluennakko-if-gnistan-emannoi-vifkta-lauantaina\\\/\",\"url\":\"https:\\\/\\\/gnistan.fi\\\/2026\\\/05\\\/otteluennakko-if-gnistan-emannoi-vifkta-lauantaina\\\/\",\"name\":\"Otteluennakko: IF Gnistan em\u00e4nn\u00f6i VIFK:ta lauantaina - IF Gnistan\",\"isPartOf\":{\"@id\":\"https:\\\/\\\/gnistan.fi\\\/#website\"},\"primaryImageOfPage\":{\"@id\":\"https:\\\/\\\/gnistan.fi\\\/2026\\\/05\\\/otteluennakko-if-gnistan-emannoi-vifkta-lauantaina\\\/#primaryimage\"},\"image\":{\"@id\":\"https:\\\/\\\/gnistan.fi\\\/2026\\\/05\\\/otteluennakko-if-gnistan-emannoi-vifkta-lauantaina\\\/#primaryimage\"},\"thumbnailUrl\":\"https:\\\/\\\/gnistan.fi\\\/wp-content\\\/uploads\\\/2026\\\/05\\\/WhatsApp-Image-2026-05-01-at-11.34.59-e1777628149405.jpeg\",\"datePublished\":\"2026-05-01T09:39:58+00:00\",\"dateModified\":\"2026-05-01T10:02:13+00:00\",\"breadcrumb\":{\"@id\":\"https:\\\/\\\/gnistan.fi\\\/2026\\\/05\\\/otteluennakko-if-gnistan-emannoi-vifkta-lauantaina\\\/#breadcrumb\"},\"inLanguage\":\"en-US\",\"potentialAction\":[{\"@type\":\"ReadAction\",\"target\":[\"https:\\\/\\\/gnistan.fi\\\/2026\\\/05\\\/otteluennakko-if-gnistan-emannoi-vifkta-lauantaina\\\/\"]}]},{\"@type\":\"ImageObject\",\"inLanguage\":\"en-US\",\"@id\":\"https:\\\/\\\/gnistan.fi\\\/2026\\\/05\\\/otteluennakko-if-gnistan-emannoi-vifkta-lauantaina\\\/#primaryimage\",\"url\":\"https:\\\/\\\/gnistan.fi\\\/wp-content\\\/uploads\\\/2026\\\/05\\\/WhatsApp-Image-2026-05-01-at-11.34.59-e1777628149405.jpeg\",\"contentUrl\":\"https:\\\/\\\/gnistan.fi\\\/wp-content\\\/uploads\\\/2026\\\/05\\\/WhatsApp-Image-2026-05-01-at-11.34.59-e1777628149405.jpeg\",\"width\":1580,\"height\":1256},{\"@type\":\"BreadcrumbList\",\"@id\":\"https:\\\/\\\/gnistan.fi\\\/2026\\\/05\\\/otteluennakko-if-gnistan-emannoi-vifkta-lauantaina\\\/#breadcrumb\",\"itemListElement\":[{\"@type\":\"ListItem\",\"position\":1,\"name\":\"Etusivu\",\"item\":\"https:\\\/\\\/gnistan.fi\\\/\"},{\"@type\":\"ListItem\",\"position\":2,\"name\":\"Otteluennakko: IF Gnistan em\u00e4nn\u00f6i VIFK:ta lauantaina\"}]},{\"@type\":\"WebSite\",\"@id\":\"https:\\\/\\\/gnistan.fi\\\/#website\",\"url\":\"https:\\\/\\\/gnistan.fi\\\/\",\"name\":\"IF Gnistan\",\"description\":\"Viralliset sivut\",\"publisher\":{\"@id\":\"https:\\\/\\\/gnistan.fi\\\/#organization\"},\"potentialAction\":[{\"@type\":\"SearchAction\",\"target\":{\"@type\":\"EntryPoint\",\"urlTemplate\":\"https:\\\/\\\/gnistan.fi\\\/?s={search_term_string}\"},\"query-input\":{\"@type\":\"PropertyValueSpecification\",\"valueRequired\":true,\"valueName\":\"search_term_string\"}}],\"inLanguage\":\"en-US\"},{\"@type\":\"Organization\",\"@id\":\"https:\\\/\\\/gnistan.fi\\\/#organization\",\"name\":\"IF Gnistan\",\"url\":\"https:\\\/\\\/gnistan.fi\\\/\",\"logo\":{\"@type\":\"ImageObject\",\"inLanguage\":\"en-US\",\"@id\":\"https:\\\/\\\/gnistan.fi\\\/#\\\/schema\\\/logo\\\/image\\\/\",\"url\":\"https:\\\/\\\/gnistan.fi\\\/wp-content\\\/uploads\\\/2019\\\/10\\\/if-gnistan-vector-logo.svg\",\"contentUrl\":\"https:\\\/\\\/gnistan.fi\\\/wp-content\\\/uploads\\\/2019\\\/10\\\/if-gnistan-vector-logo.svg\",\"width\":269,\"height\":314,\"caption\":\"IF Gnistan\"},\"image\":{\"@id\":\"https:\\\/\\\/gnistan.fi\\\/#\\\/schema\\\/logo\\\/image\\\/\"},\"sameAs\":[\"https:\\\/\\\/facebook.com\\\/ifgnistan\",\"https:\\\/\\\/x.com\\\/ifgnistan1924\",\"https:\\\/\\\/instagram.com\\\/ifgnistan1924\",\"https:\\\/\\\/www.linkedin.com\\\/company\\\/ifgnistan\\\/\"]},{\"@type\":\"Person\",\"@id\":\"https:\\\/\\\/gnistan.fi\\\/#\\\/schema\\\/person\\\/66f3d9b04d7cbb1180f3843ac3c8e7c0\",\"name\":\"Janne T\u00e4hk\u00e4\",\"image\":{\"@type\":\"ImageObject\",\"inLanguage\":\"en-US\",\"@id\":\"https:\\\/\\\/secure.gravatar.com\\\/avatar\\\/cdefbc53c94c86766cf1ede2006230fecff7eacaa5befe48136e4e4ee7b1cf26?s=96&d=mm&r=g\",\"url\":\"https:\\\/\\\/secure.gravatar.com\\\/avatar\\\/cdefbc53c94c86766cf1ede2006230fecff7eacaa5befe48136e4e4ee7b1cf26?s=96&d=mm&r=g\",\"contentUrl\":\"https:\\\/\\\/secure.gravatar.com\\\/avatar\\\/cdefbc53c94c86766cf1ede2006230fecff7eacaa5befe48136e4e4ee7b1cf26?s=96&d=mm&r=g\",\"caption\":\"Janne T\u00e4hk\u00e4\"},\"url\":\"https:\\\/\\\/gnistan.fi\\\/en\\\/author\\\/janne\\\/\"}]}<\/script>\n<!-- \/ Yoast SEO plugin. -->","yoast_head_json":{"title":"Otteluennakko: IF Gnistan em\u00e4nn\u00f6i VIFK:ta lauantaina - IF Gnistan","robots":{"index":"index","follow":"follow","max-snippet":"max-snippet:-1","max-image-preview":"max-image-preview:large","max-video-preview":"max-video-preview:-1"},"canonical":"https:\/\/gnistan.fi\/en\/2026\/05\/otteluennakko-if-gnistan-emannoi-vifkta-lauantaina\/","og_locale":"en_US","og_type":"article","og_title":"Otteluennakko: IF Gnistan em\u00e4nn\u00f6i VIFK:ta lauantaina - IF Gnistan","og_description":"Voittojen makuun Kansallisessa liigassa p\u00e4\u00e4ssyt IF Gnistan saa lauantaina vieraita Vaasasta. Ottelu alkaa Oulunkyl\u00e4n Markku.fi areenalla kello 14:00.","og_url":"https:\/\/gnistan.fi\/en\/2026\/05\/otteluennakko-if-gnistan-emannoi-vifkta-lauantaina\/","og_site_name":"IF Gnistan","article_publisher":"https:\/\/facebook.com\/ifgnistan","article_published_time":"2026-05-01T09:39:58+00:00","article_modified_time":"2026-05-01T10:02:13+00:00","og_image":[{"width":1580,"height":1256,"url":"https:\/\/gnistan.fi\/wp-content\/uploads\/2026\/05\/WhatsApp-Image-2026-05-01-at-11.34.59-e1777628149405.jpeg","type":"image\/jpeg"}],"author":"Janne T\u00e4hk\u00e4","twitter_card":"summary_large_image","twitter_creator":"@ifgnistan1924","twitter_site":"@ifgnistan1924","twitter_misc":{"Written by":"Janne T\u00e4hk\u00e4","Est. reading time":"3 minutes"},"schema":{"@context":"https:\/\/schema.org","@graph":[{"@type":"Article","@id":"https:\/\/gnistan.fi\/2026\/05\/otteluennakko-if-gnistan-emannoi-vifkta-lauantaina\/#article","isPartOf":{"@id":"https:\/\/gnistan.fi\/2026\/05\/otteluennakko-if-gnistan-emannoi-vifkta-lauantaina\/"},"author":{"name":"Janne T\u00e4hk\u00e4","@id":"https:\/\/gnistan.fi\/#\/schema\/person\/66f3d9b04d7cbb1180f3843ac3c8e7c0"},"headline":"Otteluennakko: IF Gnistan em\u00e4nn\u00f6i VIFK:ta lauantaina","datePublished":"2026-05-01T09:39:58+00:00","dateModified":"2026-05-01T10:02:13+00:00","mainEntityOfPage":{"@id":"https:\/\/gnistan.fi\/2026\/05\/otteluennakko-if-gnistan-emannoi-vifkta-lauantaina\/"},"wordCount":499,"publisher":{"@id":"https:\/\/gnistan.fi\/#organization"},"image":{"@id":"https:\/\/gnistan.fi\/2026\/05\/otteluennakko-if-gnistan-emannoi-vifkta-lauantaina\/#primaryimage"},"thumbnailUrl":"https:\/\/gnistan.fi\/wp-content\/uploads\/2026\/05\/WhatsApp-Image-2026-05-01-at-11.34.59-e1777628149405.jpeg","articleSection":["Uutinen"],"inLanguage":"en-US"},{"@type":"WebPage","@id":"https:\/\/gnistan.fi\/2026\/05\/otteluennakko-if-gnistan-emannoi-vifkta-lauantaina\/","url":"https:\/\/gnistan.fi\/2026\/05\/otteluennakko-if-gnistan-emannoi-vifkta-lauantaina\/","name":"Otteluennakko: IF Gnistan em\u00e4nn\u00f6i VIFK:ta lauantaina - IF Gnistan","isPartOf":{"@id":"https:\/\/gnistan.fi\/#website"},"primaryImageOfPage":{"@id":"https:\/\/gnistan.fi\/2026\/05\/otteluennakko-if-gnistan-emannoi-vifkta-lauantaina\/#primaryimage"},"image":{"@id":"https:\/\/gnistan.fi\/2026\/05\/otteluennakko-if-gnistan-emannoi-vifkta-lauantaina\/#primaryimage"},"thumbnailUrl":"https:\/\/gnistan.fi\/wp-content\/uploads\/2026\/05\/WhatsApp-Image-2026-05-01-at-11.34.59-e1777628149405.jpeg","datePublished":"2026-05-01T09:39:58+00:00","dateModified":"2026-05-01T10:02:13+00:00","breadcrumb":{"@id":"https:\/\/gnistan.fi\/2026\/05\/otteluennakko-if-gnistan-emannoi-vifkta-lauantaina\/#breadcrumb"},"inLanguage":"en-US","potentialAction":[{"@type":"ReadAction","target":["https:\/\/gnistan.fi\/2026\/05\/otteluennakko-if-gnistan-emannoi-vifkta-lauantaina\/"]}]},{"@type":"ImageObject","inLanguage":"en-US","@id":"https:\/\/gnistan.fi\/2026\/05\/otteluennakko-if-gnistan-emannoi-vifkta-lauantaina\/#primaryimage","url":"https:\/\/gnistan.fi\/wp-content\/uploads\/2026\/05\/WhatsApp-Image-2026-05-01-at-11.34.59-e1777628149405.jpeg","contentUrl":"https:\/\/gnistan.fi\/wp-content\/uploads\/2026\/05\/WhatsApp-Image-2026-05-01-at-11.34.59-e1777628149405.jpeg","width":1580,"height":1256},{"@type":"BreadcrumbList","@id":"https:\/\/gnistan.fi\/2026\/05\/otteluennakko-if-gnistan-emannoi-vifkta-lauantaina\/#breadcrumb","itemListElement":[{"@type":"ListItem","position":1,"name":"Etusivu","item":"https:\/\/gnistan.fi\/"},{"@type":"ListItem","position":2,"name":"Otteluennakko: IF Gnistan em\u00e4nn\u00f6i VIFK:ta lauantaina"}]},{"@type":"WebSite","@id":"https:\/\/gnistan.fi\/#website","url":"https:\/\/gnistan.fi\/","name":"IF Gnistan","description":"Viralliset sivut","publisher":{"@id":"https:\/\/gnistan.fi\/#organization"},"potentialAction":[{"@type":"SearchAction","target":{"@type":"EntryPoint","urlTemplate":"https:\/\/gnistan.fi\/?s={search_term_string}"},"query-input":{"@type":"PropertyValueSpecification","valueRequired":true,"valueName":"search_term_string"}}],"inLanguage":"en-US"},{"@type":"Organization","@id":"https:\/\/gnistan.fi\/#organization","name":"IF Gnistan","url":"https:\/\/gnistan.fi\/","logo":{"@type":"ImageObject","inLanguage":"en-US","@id":"https:\/\/gnistan.fi\/#\/schema\/logo\/image\/","url":"https:\/\/gnistan.fi\/wp-content\/uploads\/2019\/10\/if-gnistan-vector-logo.svg","contentUrl":"https:\/\/gnistan.fi\/wp-content\/uploads\/2019\/10\/if-gnistan-vector-logo.svg","width":269,"height":314,"caption":"IF Gnistan"},"image":{"@id":"https:\/\/gnistan.fi\/#\/schema\/logo\/image\/"},"sameAs":["https:\/\/facebook.com\/ifgnistan","https:\/\/x.com\/ifgnistan1924","https:\/\/instagram.com\/ifgnistan1924","https:\/\/www.linkedin.com\/company\/ifgnistan\/"]},{"@type":"Person","@id":"https:\/\/gnistan.fi\/#\/schema\/person\/66f3d9b04d7cbb1180f3843ac3c8e7c0","name":"Janne T\u00e4hk\u00e4","image":{"@type":"ImageObject","inLanguage":"en-US","@id":"https:\/\/secure.gravatar.com\/avatar\/cdefbc53c94c86766cf1ede2006230fecff7eacaa5befe48136e4e4ee7b1cf26?s=96&d=mm&r=g","url":"https:\/\/secure.gravatar.com\/avatar\/cdefbc53c94c86766cf1ede2006230fecff7eacaa5befe48136e4e4ee7b1cf26?s=96&d=mm&r=g","contentUrl":"https:\/\/secure.gravatar.com\/avatar\/cdefbc53c94c86766cf1ede2006230fecff7eacaa5befe48136e4e4ee7b1cf26?s=96&d=mm&r=g","caption":"Janne T\u00e4hk\u00e4"},"url":"https:\/\/gnistan.fi\/en\/author\/janne\/"}]}},"jetpack_featured_media_url":"https:\/\/gnistan.fi\/wp-content\/uploads\/2026\/05\/WhatsApp-Image-2026-05-01-at-11.34.59-e1777628149405.jpeg","jetpack_sharing_enabled":true,"_links":{"self":[{"href":"https:\/\/gnistan.fi\/en\/wp-json\/wp\/v2\/posts\/45219","targetHints":{"allow":["GET"]}}],"collection":[{"href":"https:\/\/gnistan.fi\/en\/wp-json\/wp\/v2\/posts"}],"about":[{"href":"https:\/\/gnistan.fi\/en\/wp-json\/wp\/v2\/types\/post"}],"author":[{"embeddable":true,"href":"https:\/\/gnistan.fi\/en\/wp-json\/wp\/v2\/users\/29"}],"replies":[{"embeddable":true,"href":"https:\/\/gnistan.fi\/en\/wp-json\/wp\/v2\/comments?post=45219"}],"version-history":[{"count":4,"href":"https:\/\/gnistan.fi\/en\/wp-json\/wp\/v2\/posts\/45219\/revisions"}],"predecessor-version":[{"id":45226,"href":"https:\/\/gnistan.fi\/en\/wp-json\/wp\/v2\/posts\/45219\/revisions\/45226"}],"wp:featuredmedia":[{"embeddable":true,"href":"https:\/\/gnistan.fi\/en\/wp-json\/wp\/v2\/media\/45221"}],"wp:attachment":[{"href":"https:\/\/gnistan.fi\/en\/wp-json\/wp\/v2\/media?parent=45219"}],"wp:term":[{"taxonomy":"category","embeddable":true,"href":"https:\/\/gnistan.fi\/en\/wp-json\/wp\/v2\/categories?post=45219"},{"taxonomy":"post_tag","embeddable":true,"href":"https:\/\/gnistan.fi\/en\/wp-json\/wp\/v2\/tags?post=45219"}],"curies":[{"name":"wp","href":"https:\/\/api.w.org\/{rel}","templated":true}]}}