{"id":45116,"date":"2026-04-28T18:08:56","date_gmt":"2026-04-28T15:08:56","guid":{"rendered":"https:\/\/gnistan.fi\/?p=45116"},"modified":"2026-04-28T18:08:57","modified_gmt":"2026-04-28T15:08:57","slug":"paivakotitapahtumaa-vietettiin-sankoin-joukoin-oulunkylan-urheilupuiston-kentilla","status":"publish","type":"post","link":"https:\/\/gnistan.fi\/en\/2026\/04\/paivakotitapahtumaa-vietettiin-sankoin-joukoin-oulunkylan-urheilupuiston-kentilla\/","title":{"rendered":"P\u00e4iv\u00e4kotitapahtumaa vietettiin sankoin joukoin Oulunkyl\u00e4n urheilupuiston kentill\u00e4"},"content":{"rendered":"<p>Oulunkyl\u00e4ss\u00e4 Pikkupekka Areenalla ja Markku.fi Areenalla 10.4. ja 17.4. j\u00e4rjestettiin p\u00e4iv\u00e4kotitapahtumat, johon oli kutsuttu l\u00e4hialueiden p\u00e4iv\u00e4koteja. Mukana oli yhteens\u00e4 557 innokasta lasta. <\/p>\n\n\n\n<p>Ohjelmassa oli jalkapalloturnaus, jota oli vet\u00e4m\u00e4ss\u00e4 Gnistanin junioritoiminnassa olevia valmentajia ja toimihenkil\u00f6it\u00e4. P\u00e4iv\u00e4t piti sis\u00e4ll\u00e4\u00e4n lukuisia riemun ja onnistumisen hetki\u00e4!<\/p>\n\n\n\n<figure class=\"wp-block-image size-large\"><img fetchpriority=\"high\" decoding=\"async\" width=\"1024\" height=\"683\" src=\"https:\/\/gnistan.fi\/wp-content\/uploads\/2026\/04\/IMG_0356-1-1024x683.jpg\" alt=\"\" class=\"wp-image-45119\" srcset=\"https:\/\/gnistan.fi\/wp-content\/uploads\/2026\/04\/IMG_0356-1-1024x683.jpg 1024w, https:\/\/gnistan.fi\/wp-content\/uploads\/2026\/04\/IMG_0356-1-300x200.jpg 300w, https:\/\/gnistan.fi\/wp-content\/uploads\/2026\/04\/IMG_0356-1-768x512.jpg 768w, https:\/\/gnistan.fi\/wp-content\/uploads\/2026\/04\/IMG_0356-1-1536x1024.jpg 1536w, https:\/\/gnistan.fi\/wp-content\/uploads\/2026\/04\/IMG_0356-1-2048x1365.jpg 2048w, https:\/\/gnistan.fi\/wp-content\/uploads\/2026\/04\/IMG_0356-1-18x12.jpg 18w\" sizes=\"(max-width: 1024px) 100vw, 1024px\" \/><\/figure>\n\n\n\n<figure class=\"wp-block-image size-large\"><img decoding=\"async\" width=\"1024\" height=\"683\" src=\"https:\/\/gnistan.fi\/wp-content\/uploads\/2026\/04\/IMG_0119-1024x683.jpg\" alt=\"\" class=\"wp-image-45120\" srcset=\"https:\/\/gnistan.fi\/wp-content\/uploads\/2026\/04\/IMG_0119-1024x683.jpg 1024w, https:\/\/gnistan.fi\/wp-content\/uploads\/2026\/04\/IMG_0119-300x200.jpg 300w, https:\/\/gnistan.fi\/wp-content\/uploads\/2026\/04\/IMG_0119-768x512.jpg 768w, https:\/\/gnistan.fi\/wp-content\/uploads\/2026\/04\/IMG_0119-1536x1024.jpg 1536w, https:\/\/gnistan.fi\/wp-content\/uploads\/2026\/04\/IMG_0119-2048x1365.jpg 2048w, https:\/\/gnistan.fi\/wp-content\/uploads\/2026\/04\/IMG_0119-18x12.jpg 18w\" sizes=\"(max-width: 1024px) 100vw, 1024px\" \/><\/figure>\n\n\n\n<figure class=\"wp-block-image size-large\"><img decoding=\"async\" width=\"1024\" height=\"683\" src=\"https:\/\/gnistan.fi\/wp-content\/uploads\/2026\/04\/IMG_0124-1024x683.jpg\" alt=\"\" class=\"wp-image-45121\" srcset=\"https:\/\/gnistan.fi\/wp-content\/uploads\/2026\/04\/IMG_0124-1024x683.jpg 1024w, https:\/\/gnistan.fi\/wp-content\/uploads\/2026\/04\/IMG_0124-300x200.jpg 300w, https:\/\/gnistan.fi\/wp-content\/uploads\/2026\/04\/IMG_0124-768x512.jpg 768w, https:\/\/gnistan.fi\/wp-content\/uploads\/2026\/04\/IMG_0124-1536x1024.jpg 1536w, https:\/\/gnistan.fi\/wp-content\/uploads\/2026\/04\/IMG_0124-2048x1365.jpg 2048w, https:\/\/gnistan.fi\/wp-content\/uploads\/2026\/04\/IMG_0124-18x12.jpg 18w\" sizes=\"(max-width: 1024px) 100vw, 1024px\" \/><\/figure>","protected":false},"excerpt":{"rendered":"<p>IF Gnistan j\u00e4rjesti l\u00e4hialueen p\u00e4iv\u00e4kodeille jalkapalloturnauksen, Pikkupekka- ja Markku.fi Areenalla.<\/p>","protected":false},"author":28,"featured_media":45118,"comment_status":"closed","ping_status":"open","sticky":false,"template":"","format":"standard","meta":{"_acf_changed":false,"_jetpack_memberships_contains_paid_content":false,"footnotes":""},"categories":[1],"tags":[],"class_list":["post-45116","post","type-post","status-publish","format-standard","has-post-thumbnail","hentry","category-uutinen"],"acf":[],"yoast_head":"<!-- This site is optimized with the Yoast SEO plugin v27.4 - https:\/\/yoast.com\/product\/yoast-seo-wordpress\/ -->\n<title>P\u00e4iv\u00e4kotitapahtumaa vietettiin sankoin joukoin Oulunkyl\u00e4n urheilupuiston kentill\u00e4 - IF Gnistan<\/title>\n<meta name=\"robots\" content=\"index, follow, max-snippet:-1, max-image-preview:large, max-video-preview:-1\" \/>\n<link rel=\"canonical\" href=\"https:\/\/gnistan.fi\/en\/2026\/04\/paivakotitapahtumaa-vietettiin-sankoin-joukoin-oulunkylan-urheilupuiston-kentilla\/\" \/>\n<meta property=\"og:locale\" content=\"en_US\" \/>\n<meta property=\"og:type\" content=\"article\" \/>\n<meta property=\"og:title\" content=\"P\u00e4iv\u00e4kotitapahtumaa vietettiin sankoin joukoin Oulunkyl\u00e4n urheilupuiston kentill\u00e4 - IF Gnistan\" \/>\n<meta property=\"og:description\" content=\"IF Gnistan j\u00e4rjesti l\u00e4hialueen p\u00e4iv\u00e4kodeille jalkapalloturnauksen, Pikkupekka- ja Markku.fi Areenalla.\" \/>\n<meta property=\"og:url\" content=\"https:\/\/gnistan.fi\/en\/2026\/04\/paivakotitapahtumaa-vietettiin-sankoin-joukoin-oulunkylan-urheilupuiston-kentilla\/\" \/>\n<meta property=\"og:site_name\" content=\"IF Gnistan\" \/>\n<meta property=\"article:publisher\" content=\"https:\/\/facebook.com\/ifgnistan\" \/>\n<meta property=\"article:published_time\" content=\"2026-04-28T15:08:56+00:00\" \/>\n<meta property=\"article:modified_time\" content=\"2026-04-28T15:08:57+00:00\" \/>\n<meta property=\"og:image\" content=\"https:\/\/gnistan.fi\/wp-content\/uploads\/2026\/04\/IMG_0132-scaled.jpg\" \/>\n\t<meta property=\"og:image:width\" content=\"2560\" \/>\n\t<meta property=\"og:image:height\" content=\"1707\" \/>\n\t<meta property=\"og:image:type\" content=\"image\/jpeg\" \/>\n<meta name=\"author\" content=\"Henri Hokkanen\" \/>\n<meta name=\"twitter:card\" content=\"summary_large_image\" \/>\n<meta name=\"twitter:creator\" content=\"@ifgnistan1924\" \/>\n<meta name=\"twitter:site\" content=\"@ifgnistan1924\" \/>\n<meta name=\"twitter:label1\" content=\"Written by\" \/>\n\t<meta name=\"twitter:data1\" content=\"Henri Hokkanen\" \/>\n\t<meta name=\"twitter:label2\" content=\"Est. reading time\" \/>\n\t<meta name=\"twitter:data2\" content=\"2 minutes\" \/>\n<script type=\"application\/ld+json\" class=\"yoast-schema-graph\">{\"@context\":\"https:\\\/\\\/schema.org\",\"@graph\":[{\"@type\":\"Article\",\"@id\":\"https:\\\/\\\/gnistan.fi\\\/2026\\\/04\\\/paivakotitapahtumaa-vietettiin-sankoin-joukoin-oulunkylan-urheilupuiston-kentilla\\\/#article\",\"isPartOf\":{\"@id\":\"https:\\\/\\\/gnistan.fi\\\/2026\\\/04\\\/paivakotitapahtumaa-vietettiin-sankoin-joukoin-oulunkylan-urheilupuiston-kentilla\\\/\"},\"author\":{\"name\":\"Henri Hokkanen\",\"@id\":\"https:\\\/\\\/gnistan.fi\\\/#\\\/schema\\\/person\\\/037ce0c053d1157d18d5c9f3e588b5b6\"},\"headline\":\"P\u00e4iv\u00e4kotitapahtumaa vietettiin sankoin joukoin Oulunkyl\u00e4n urheilupuiston kentill\u00e4\",\"datePublished\":\"2026-04-28T15:08:56+00:00\",\"dateModified\":\"2026-04-28T15:08:57+00:00\",\"mainEntityOfPage\":{\"@id\":\"https:\\\/\\\/gnistan.fi\\\/2026\\\/04\\\/paivakotitapahtumaa-vietettiin-sankoin-joukoin-oulunkylan-urheilupuiston-kentilla\\\/\"},\"wordCount\":64,\"publisher\":{\"@id\":\"https:\\\/\\\/gnistan.fi\\\/#organization\"},\"image\":{\"@id\":\"https:\\\/\\\/gnistan.fi\\\/2026\\\/04\\\/paivakotitapahtumaa-vietettiin-sankoin-joukoin-oulunkylan-urheilupuiston-kentilla\\\/#primaryimage\"},\"thumbnailUrl\":\"https:\\\/\\\/gnistan.fi\\\/wp-content\\\/uploads\\\/2026\\\/04\\\/IMG_0132-scaled.jpg\",\"articleSection\":[\"Uutinen\"],\"inLanguage\":\"en-US\"},{\"@type\":\"WebPage\",\"@id\":\"https:\\\/\\\/gnistan.fi\\\/2026\\\/04\\\/paivakotitapahtumaa-vietettiin-sankoin-joukoin-oulunkylan-urheilupuiston-kentilla\\\/\",\"url\":\"https:\\\/\\\/gnistan.fi\\\/2026\\\/04\\\/paivakotitapahtumaa-vietettiin-sankoin-joukoin-oulunkylan-urheilupuiston-kentilla\\\/\",\"name\":\"P\u00e4iv\u00e4kotitapahtumaa vietettiin sankoin joukoin Oulunkyl\u00e4n urheilupuiston kentill\u00e4 - IF Gnistan\",\"isPartOf\":{\"@id\":\"https:\\\/\\\/gnistan.fi\\\/#website\"},\"primaryImageOfPage\":{\"@id\":\"https:\\\/\\\/gnistan.fi\\\/2026\\\/04\\\/paivakotitapahtumaa-vietettiin-sankoin-joukoin-oulunkylan-urheilupuiston-kentilla\\\/#primaryimage\"},\"image\":{\"@id\":\"https:\\\/\\\/gnistan.fi\\\/2026\\\/04\\\/paivakotitapahtumaa-vietettiin-sankoin-joukoin-oulunkylan-urheilupuiston-kentilla\\\/#primaryimage\"},\"thumbnailUrl\":\"https:\\\/\\\/gnistan.fi\\\/wp-content\\\/uploads\\\/2026\\\/04\\\/IMG_0132-scaled.jpg\",\"datePublished\":\"2026-04-28T15:08:56+00:00\",\"dateModified\":\"2026-04-28T15:08:57+00:00\",\"breadcrumb\":{\"@id\":\"https:\\\/\\\/gnistan.fi\\\/2026\\\/04\\\/paivakotitapahtumaa-vietettiin-sankoin-joukoin-oulunkylan-urheilupuiston-kentilla\\\/#breadcrumb\"},\"inLanguage\":\"en-US\",\"potentialAction\":[{\"@type\":\"ReadAction\",\"target\":[\"https:\\\/\\\/gnistan.fi\\\/2026\\\/04\\\/paivakotitapahtumaa-vietettiin-sankoin-joukoin-oulunkylan-urheilupuiston-kentilla\\\/\"]}]},{\"@type\":\"ImageObject\",\"inLanguage\":\"en-US\",\"@id\":\"https:\\\/\\\/gnistan.fi\\\/2026\\\/04\\\/paivakotitapahtumaa-vietettiin-sankoin-joukoin-oulunkylan-urheilupuiston-kentilla\\\/#primaryimage\",\"url\":\"https:\\\/\\\/gnistan.fi\\\/wp-content\\\/uploads\\\/2026\\\/04\\\/IMG_0132-scaled.jpg\",\"contentUrl\":\"https:\\\/\\\/gnistan.fi\\\/wp-content\\\/uploads\\\/2026\\\/04\\\/IMG_0132-scaled.jpg\",\"width\":2560,\"height\":1707},{\"@type\":\"BreadcrumbList\",\"@id\":\"https:\\\/\\\/gnistan.fi\\\/2026\\\/04\\\/paivakotitapahtumaa-vietettiin-sankoin-joukoin-oulunkylan-urheilupuiston-kentilla\\\/#breadcrumb\",\"itemListElement\":[{\"@type\":\"ListItem\",\"position\":1,\"name\":\"Etusivu\",\"item\":\"https:\\\/\\\/gnistan.fi\\\/\"},{\"@type\":\"ListItem\",\"position\":2,\"name\":\"P\u00e4iv\u00e4kotitapahtumaa vietettiin sankoin joukoin Oulunkyl\u00e4n urheilupuiston kentill\u00e4\"}]},{\"@type\":\"WebSite\",\"@id\":\"https:\\\/\\\/gnistan.fi\\\/#website\",\"url\":\"https:\\\/\\\/gnistan.fi\\\/\",\"name\":\"IF Gnistan\",\"description\":\"Viralliset sivut\",\"publisher\":{\"@id\":\"https:\\\/\\\/gnistan.fi\\\/#organization\"},\"potentialAction\":[{\"@type\":\"SearchAction\",\"target\":{\"@type\":\"EntryPoint\",\"urlTemplate\":\"https:\\\/\\\/gnistan.fi\\\/?s={search_term_string}\"},\"query-input\":{\"@type\":\"PropertyValueSpecification\",\"valueRequired\":true,\"valueName\":\"search_term_string\"}}],\"inLanguage\":\"en-US\"},{\"@type\":\"Organization\",\"@id\":\"https:\\\/\\\/gnistan.fi\\\/#organization\",\"name\":\"IF Gnistan\",\"url\":\"https:\\\/\\\/gnistan.fi\\\/\",\"logo\":{\"@type\":\"ImageObject\",\"inLanguage\":\"en-US\",\"@id\":\"https:\\\/\\\/gnistan.fi\\\/#\\\/schema\\\/logo\\\/image\\\/\",\"url\":\"https:\\\/\\\/gnistan.fi\\\/wp-content\\\/uploads\\\/2019\\\/10\\\/if-gnistan-vector-logo.svg\",\"contentUrl\":\"https:\\\/\\\/gnistan.fi\\\/wp-content\\\/uploads\\\/2019\\\/10\\\/if-gnistan-vector-logo.svg\",\"width\":269,\"height\":314,\"caption\":\"IF Gnistan\"},\"image\":{\"@id\":\"https:\\\/\\\/gnistan.fi\\\/#\\\/schema\\\/logo\\\/image\\\/\"},\"sameAs\":[\"https:\\\/\\\/facebook.com\\\/ifgnistan\",\"https:\\\/\\\/x.com\\\/ifgnistan1924\",\"https:\\\/\\\/instagram.com\\\/ifgnistan1924\",\"https:\\\/\\\/www.linkedin.com\\\/company\\\/ifgnistan\\\/\"]},{\"@type\":\"Person\",\"@id\":\"https:\\\/\\\/gnistan.fi\\\/#\\\/schema\\\/person\\\/037ce0c053d1157d18d5c9f3e588b5b6\",\"name\":\"Henri Hokkanen\",\"image\":{\"@type\":\"ImageObject\",\"inLanguage\":\"en-US\",\"@id\":\"https:\\\/\\\/secure.gravatar.com\\\/avatar\\\/42055ba5b0a07050ff5100966838a641185f3c924fa15e88d1c3e6b0e0ae83d4?s=96&d=mm&r=g\",\"url\":\"https:\\\/\\\/secure.gravatar.com\\\/avatar\\\/42055ba5b0a07050ff5100966838a641185f3c924fa15e88d1c3e6b0e0ae83d4?s=96&d=mm&r=g\",\"contentUrl\":\"https:\\\/\\\/secure.gravatar.com\\\/avatar\\\/42055ba5b0a07050ff5100966838a641185f3c924fa15e88d1c3e6b0e0ae83d4?s=96&d=mm&r=g\",\"caption\":\"Henri Hokkanen\"},\"url\":\"https:\\\/\\\/gnistan.fi\\\/en\\\/author\\\/salli\\\/\"}]}<\/script>\n<!-- \/ Yoast SEO plugin. -->","yoast_head_json":{"title":"P\u00e4iv\u00e4kotitapahtumaa vietettiin sankoin joukoin Oulunkyl\u00e4n urheilupuiston kentill\u00e4 - IF Gnistan","robots":{"index":"index","follow":"follow","max-snippet":"max-snippet:-1","max-image-preview":"max-image-preview:large","max-video-preview":"max-video-preview:-1"},"canonical":"https:\/\/gnistan.fi\/en\/2026\/04\/paivakotitapahtumaa-vietettiin-sankoin-joukoin-oulunkylan-urheilupuiston-kentilla\/","og_locale":"en_US","og_type":"article","og_title":"P\u00e4iv\u00e4kotitapahtumaa vietettiin sankoin joukoin Oulunkyl\u00e4n urheilupuiston kentill\u00e4 - IF Gnistan","og_description":"IF Gnistan j\u00e4rjesti l\u00e4hialueen p\u00e4iv\u00e4kodeille jalkapalloturnauksen, Pikkupekka- ja Markku.fi Areenalla.","og_url":"https:\/\/gnistan.fi\/en\/2026\/04\/paivakotitapahtumaa-vietettiin-sankoin-joukoin-oulunkylan-urheilupuiston-kentilla\/","og_site_name":"IF Gnistan","article_publisher":"https:\/\/facebook.com\/ifgnistan","article_published_time":"2026-04-28T15:08:56+00:00","article_modified_time":"2026-04-28T15:08:57+00:00","og_image":[{"width":2560,"height":1707,"url":"https:\/\/gnistan.fi\/wp-content\/uploads\/2026\/04\/IMG_0132-scaled.jpg","type":"image\/jpeg"}],"author":"Henri Hokkanen","twitter_card":"summary_large_image","twitter_creator":"@ifgnistan1924","twitter_site":"@ifgnistan1924","twitter_misc":{"Written by":"Henri Hokkanen","Est. reading time":"2 minutes"},"schema":{"@context":"https:\/\/schema.org","@graph":[{"@type":"Article","@id":"https:\/\/gnistan.fi\/2026\/04\/paivakotitapahtumaa-vietettiin-sankoin-joukoin-oulunkylan-urheilupuiston-kentilla\/#article","isPartOf":{"@id":"https:\/\/gnistan.fi\/2026\/04\/paivakotitapahtumaa-vietettiin-sankoin-joukoin-oulunkylan-urheilupuiston-kentilla\/"},"author":{"name":"Henri Hokkanen","@id":"https:\/\/gnistan.fi\/#\/schema\/person\/037ce0c053d1157d18d5c9f3e588b5b6"},"headline":"P\u00e4iv\u00e4kotitapahtumaa vietettiin sankoin joukoin Oulunkyl\u00e4n urheilupuiston kentill\u00e4","datePublished":"2026-04-28T15:08:56+00:00","dateModified":"2026-04-28T15:08:57+00:00","mainEntityOfPage":{"@id":"https:\/\/gnistan.fi\/2026\/04\/paivakotitapahtumaa-vietettiin-sankoin-joukoin-oulunkylan-urheilupuiston-kentilla\/"},"wordCount":64,"publisher":{"@id":"https:\/\/gnistan.fi\/#organization"},"image":{"@id":"https:\/\/gnistan.fi\/2026\/04\/paivakotitapahtumaa-vietettiin-sankoin-joukoin-oulunkylan-urheilupuiston-kentilla\/#primaryimage"},"thumbnailUrl":"https:\/\/gnistan.fi\/wp-content\/uploads\/2026\/04\/IMG_0132-scaled.jpg","articleSection":["Uutinen"],"inLanguage":"en-US"},{"@type":"WebPage","@id":"https:\/\/gnistan.fi\/2026\/04\/paivakotitapahtumaa-vietettiin-sankoin-joukoin-oulunkylan-urheilupuiston-kentilla\/","url":"https:\/\/gnistan.fi\/2026\/04\/paivakotitapahtumaa-vietettiin-sankoin-joukoin-oulunkylan-urheilupuiston-kentilla\/","name":"P\u00e4iv\u00e4kotitapahtumaa vietettiin sankoin joukoin Oulunkyl\u00e4n urheilupuiston kentill\u00e4 - IF Gnistan","isPartOf":{"@id":"https:\/\/gnistan.fi\/#website"},"primaryImageOfPage":{"@id":"https:\/\/gnistan.fi\/2026\/04\/paivakotitapahtumaa-vietettiin-sankoin-joukoin-oulunkylan-urheilupuiston-kentilla\/#primaryimage"},"image":{"@id":"https:\/\/gnistan.fi\/2026\/04\/paivakotitapahtumaa-vietettiin-sankoin-joukoin-oulunkylan-urheilupuiston-kentilla\/#primaryimage"},"thumbnailUrl":"https:\/\/gnistan.fi\/wp-content\/uploads\/2026\/04\/IMG_0132-scaled.jpg","datePublished":"2026-04-28T15:08:56+00:00","dateModified":"2026-04-28T15:08:57+00:00","breadcrumb":{"@id":"https:\/\/gnistan.fi\/2026\/04\/paivakotitapahtumaa-vietettiin-sankoin-joukoin-oulunkylan-urheilupuiston-kentilla\/#breadcrumb"},"inLanguage":"en-US","potentialAction":[{"@type":"ReadAction","target":["https:\/\/gnistan.fi\/2026\/04\/paivakotitapahtumaa-vietettiin-sankoin-joukoin-oulunkylan-urheilupuiston-kentilla\/"]}]},{"@type":"ImageObject","inLanguage":"en-US","@id":"https:\/\/gnistan.fi\/2026\/04\/paivakotitapahtumaa-vietettiin-sankoin-joukoin-oulunkylan-urheilupuiston-kentilla\/#primaryimage","url":"https:\/\/gnistan.fi\/wp-content\/uploads\/2026\/04\/IMG_0132-scaled.jpg","contentUrl":"https:\/\/gnistan.fi\/wp-content\/uploads\/2026\/04\/IMG_0132-scaled.jpg","width":2560,"height":1707},{"@type":"BreadcrumbList","@id":"https:\/\/gnistan.fi\/2026\/04\/paivakotitapahtumaa-vietettiin-sankoin-joukoin-oulunkylan-urheilupuiston-kentilla\/#breadcrumb","itemListElement":[{"@type":"ListItem","position":1,"name":"Etusivu","item":"https:\/\/gnistan.fi\/"},{"@type":"ListItem","position":2,"name":"P\u00e4iv\u00e4kotitapahtumaa vietettiin sankoin joukoin Oulunkyl\u00e4n urheilupuiston kentill\u00e4"}]},{"@type":"WebSite","@id":"https:\/\/gnistan.fi\/#website","url":"https:\/\/gnistan.fi\/","name":"IF Gnistan","description":"Viralliset sivut","publisher":{"@id":"https:\/\/gnistan.fi\/#organization"},"potentialAction":[{"@type":"SearchAction","target":{"@type":"EntryPoint","urlTemplate":"https:\/\/gnistan.fi\/?s={search_term_string}"},"query-input":{"@type":"PropertyValueSpecification","valueRequired":true,"valueName":"search_term_string"}}],"inLanguage":"en-US"},{"@type":"Organization","@id":"https:\/\/gnistan.fi\/#organization","name":"IF Gnistan","url":"https:\/\/gnistan.fi\/","logo":{"@type":"ImageObject","inLanguage":"en-US","@id":"https:\/\/gnistan.fi\/#\/schema\/logo\/image\/","url":"https:\/\/gnistan.fi\/wp-content\/uploads\/2019\/10\/if-gnistan-vector-logo.svg","contentUrl":"https:\/\/gnistan.fi\/wp-content\/uploads\/2019\/10\/if-gnistan-vector-logo.svg","width":269,"height":314,"caption":"IF Gnistan"},"image":{"@id":"https:\/\/gnistan.fi\/#\/schema\/logo\/image\/"},"sameAs":["https:\/\/facebook.com\/ifgnistan","https:\/\/x.com\/ifgnistan1924","https:\/\/instagram.com\/ifgnistan1924","https:\/\/www.linkedin.com\/company\/ifgnistan\/"]},{"@type":"Person","@id":"https:\/\/gnistan.fi\/#\/schema\/person\/037ce0c053d1157d18d5c9f3e588b5b6","name":"Henri Hokkanen","image":{"@type":"ImageObject","inLanguage":"en-US","@id":"https:\/\/secure.gravatar.com\/avatar\/42055ba5b0a07050ff5100966838a641185f3c924fa15e88d1c3e6b0e0ae83d4?s=96&d=mm&r=g","url":"https:\/\/secure.gravatar.com\/avatar\/42055ba5b0a07050ff5100966838a641185f3c924fa15e88d1c3e6b0e0ae83d4?s=96&d=mm&r=g","contentUrl":"https:\/\/secure.gravatar.com\/avatar\/42055ba5b0a07050ff5100966838a641185f3c924fa15e88d1c3e6b0e0ae83d4?s=96&d=mm&r=g","caption":"Henri Hokkanen"},"url":"https:\/\/gnistan.fi\/en\/author\/salli\/"}]}},"jetpack_featured_media_url":"https:\/\/gnistan.fi\/wp-content\/uploads\/2026\/04\/IMG_0132-scaled.jpg","jetpack_sharing_enabled":true,"_links":{"self":[{"href":"https:\/\/gnistan.fi\/en\/wp-json\/wp\/v2\/posts\/45116","targetHints":{"allow":["GET"]}}],"collection":[{"href":"https:\/\/gnistan.fi\/en\/wp-json\/wp\/v2\/posts"}],"about":[{"href":"https:\/\/gnistan.fi\/en\/wp-json\/wp\/v2\/types\/post"}],"author":[{"embeddable":true,"href":"https:\/\/gnistan.fi\/en\/wp-json\/wp\/v2\/users\/28"}],"replies":[{"embeddable":true,"href":"https:\/\/gnistan.fi\/en\/wp-json\/wp\/v2\/comments?post=45116"}],"version-history":[{"count":3,"href":"https:\/\/gnistan.fi\/en\/wp-json\/wp\/v2\/posts\/45116\/revisions"}],"predecessor-version":[{"id":45210,"href":"https:\/\/gnistan.fi\/en\/wp-json\/wp\/v2\/posts\/45116\/revisions\/45210"}],"wp:featuredmedia":[{"embeddable":true,"href":"https:\/\/gnistan.fi\/en\/wp-json\/wp\/v2\/media\/45118"}],"wp:attachment":[{"href":"https:\/\/gnistan.fi\/en\/wp-json\/wp\/v2\/media?parent=45116"}],"wp:term":[{"taxonomy":"category","embeddable":true,"href":"https:\/\/gnistan.fi\/en\/wp-json\/wp\/v2\/categories?post=45116"},{"taxonomy":"post_tag","embeddable":true,"href":"https:\/\/gnistan.fi\/en\/wp-json\/wp\/v2\/tags?post=45116"}],"curies":[{"name":"wp","href":"https:\/\/api.w.org\/{rel}","templated":true}]}}