{"id":17428,"date":"2020-12-01T11:40:20","date_gmt":"2020-12-01T09:40:20","guid":{"rendered":"https:\/\/gnistan.fi\/?p=17428"},"modified":"2020-12-01T11:41:42","modified_gmt":"2020-12-01T09:41:42","slug":"samu-volotinen-gnistanin-maalinsuulle","status":"publish","type":"post","link":"https:\/\/gnistan.fi\/en\/2020\/12\/samu-volotinen-gnistanin-maalinsuulle\/","title":{"rendered":"Samu Volotinen Gnistanin maalinsuulle"},"content":{"rendered":"<p>22-vuotias VJS:n kasvatti Volotinen debytoi Veikkausliigassa PK-35 Vantaan paidassa kaudella 2016. Lopulta yhdeks\u00e4n pelattua ottelua sis\u00e4lt\u00e4neen debyyttikauden j\u00e4lkeen mies siirtyi Vaasan Palloseuraan, jonka riveiss\u00e4 kertyi kaikkiaan 22 Veikkausliiga-ottelua kausien 2017-2018 aikana. <\/p>\n\n\n\n<p>Kaksi viimeisint\u00e4 vuotta ovat vier\u00e4ht\u00e4neet Bosnia-Hertzegovinan ja Kyproksen p\u00e4\u00e4sarjoissa, jossa mies edusti viime kaudella Eurooppa Liigan nelj\u00e4nnelle karsintakierrokselle edennytt\u00e4 Apollon Limassolia. V\u00e4h\u00e4inen vastuu sai 193-senttisen kopparin palaamaan Suomeen hakemaan uutta nostetta uralleen. <\/p>\n\n\n\n<p>Volotinen allekirjoitti kauden 2021 kattavan sopimuksen Gnistanin kanssa ja katsoo luottavaisena tulevaan.<\/p>\n\n\n\n<p>&#8211; Odotan innolla tulevaa kautta. Uskon Gnistanin olevan hyv\u00e4 ymp\u00e4rist\u00f6 kehitty\u00e4 pelaajana ja kilpailukykyinen joukkue ensi kaudella Ykk\u00f6sess\u00e4. <\/p>\n\n\n\n<p>Gnistanin vastuuvalmentaja <strong>Ricardo Duarte<\/strong> on mieliss\u00e4\u00e4n Volotisen saapumisesta seuraan.<\/p>\n\n\n\n<p>&#8211; Olen eritt\u00e4in tyytyv\u00e4inen Volotisen sopimuksesta. Ty\u00f6skentelimme yhdess\u00e4 kaudella 2018, jolloin h\u00e4n pelasi fantastisen kauden Veikkausliigassa. H\u00e4n tekee joka p\u00e4iv\u00e4 paljon t\u00f6it\u00e4 kehitty\u00e4kseen ja omaa kovan kilpailuvietin. Uskon, ett\u00e4 Samun voitontahdolla on varmasti todella positiivinen vaikutus joukkueeseen, jota olemme rakentamassa.<\/p>","protected":false},"excerpt":{"rendered":"<p>Gnistan vahvistaa maalivahtiosastoaan Kyproksen Apollon Limassolista siirtyv\u00e4ll\u00e4 Samu<br \/>\nVolotisella.<\/p>","protected":false},"author":4,"featured_media":36703,"comment_status":"closed","ping_status":"open","sticky":false,"template":"","format":"standard","meta":{"_acf_changed":false,"_jetpack_memberships_contains_paid_content":false,"footnotes":""},"categories":[1],"tags":[],"class_list":["post-17428","post","type-post","status-publish","format-standard","has-post-thumbnail","hentry","category-uutinen"],"acf":[],"yoast_head":"<!-- This site is optimized with the Yoast SEO plugin v27.4 - https:\/\/yoast.com\/product\/yoast-seo-wordpress\/ -->\n<title>Samu Volotinen Gnistanin maalinsuulle - IF Gnistan<\/title>\n<meta name=\"robots\" content=\"index, follow, max-snippet:-1, max-image-preview:large, max-video-preview:-1\" \/>\n<link rel=\"canonical\" href=\"https:\/\/gnistan.fi\/en\/2020\/12\/samu-volotinen-gnistanin-maalinsuulle\/\" \/>\n<meta property=\"og:locale\" content=\"en_US\" \/>\n<meta property=\"og:type\" content=\"article\" \/>\n<meta property=\"og:title\" content=\"Samu Volotinen Gnistanin maalinsuulle - IF Gnistan\" \/>\n<meta property=\"og:description\" content=\"Gnistan vahvistaa maalivahtiosastoaan Kyproksen Apollon Limassolista siirtyv\u00e4ll\u00e4 Samu Volotisella.\" \/>\n<meta property=\"og:url\" content=\"https:\/\/gnistan.fi\/en\/2020\/12\/samu-volotinen-gnistanin-maalinsuulle\/\" \/>\n<meta property=\"og:site_name\" content=\"IF Gnistan\" \/>\n<meta property=\"article:publisher\" content=\"https:\/\/facebook.com\/ifgnistan\" \/>\n<meta property=\"article:published_time\" content=\"2020-12-01T09:40:20+00:00\" \/>\n<meta property=\"article:modified_time\" content=\"2020-12-01T09:41:42+00:00\" \/>\n<meta property=\"og:image\" content=\"https:\/\/gnistan.fi\/wp-content\/uploads\/2024\/11\/gnistan-default-featured-2024-c.webp\" \/>\n\t<meta property=\"og:image:width\" content=\"1920\" \/>\n\t<meta property=\"og:image:height\" content=\"1080\" \/>\n\t<meta property=\"og:image:type\" content=\"image\/webp\" \/>\n<meta name=\"author\" content=\"kasper\" \/>\n<meta name=\"twitter:card\" content=\"summary_large_image\" \/>\n<meta name=\"twitter:creator\" content=\"@ifgnistan1924\" \/>\n<meta name=\"twitter:site\" content=\"@ifgnistan1924\" \/>\n<meta name=\"twitter:label1\" content=\"Written by\" \/>\n\t<meta name=\"twitter:data1\" content=\"kasper\" \/>\n\t<meta name=\"twitter:label2\" content=\"Est. reading time\" \/>\n\t<meta name=\"twitter:data2\" content=\"1 minute\" \/>\n<script type=\"application\/ld+json\" class=\"yoast-schema-graph\">{\"@context\":\"https:\\\/\\\/schema.org\",\"@graph\":[{\"@type\":\"Article\",\"@id\":\"https:\\\/\\\/gnistan.fi\\\/2020\\\/12\\\/samu-volotinen-gnistanin-maalinsuulle\\\/#article\",\"isPartOf\":{\"@id\":\"https:\\\/\\\/gnistan.fi\\\/2020\\\/12\\\/samu-volotinen-gnistanin-maalinsuulle\\\/\"},\"author\":{\"name\":\"kasper\",\"@id\":\"https:\\\/\\\/gnistan.fi\\\/#\\\/schema\\\/person\\\/9453a46d4b745a5a7305c925ffdcbbe9\"},\"headline\":\"Samu Volotinen Gnistanin maalinsuulle\",\"datePublished\":\"2020-12-01T09:40:20+00:00\",\"dateModified\":\"2020-12-01T09:41:42+00:00\",\"mainEntityOfPage\":{\"@id\":\"https:\\\/\\\/gnistan.fi\\\/2020\\\/12\\\/samu-volotinen-gnistanin-maalinsuulle\\\/\"},\"wordCount\":164,\"publisher\":{\"@id\":\"https:\\\/\\\/gnistan.fi\\\/#organization\"},\"image\":{\"@id\":\"https:\\\/\\\/gnistan.fi\\\/2020\\\/12\\\/samu-volotinen-gnistanin-maalinsuulle\\\/#primaryimage\"},\"thumbnailUrl\":\"https:\\\/\\\/gnistan.fi\\\/wp-content\\\/uploads\\\/2024\\\/11\\\/gnistan-default-featured-2024-c.webp\",\"articleSection\":[\"Uutinen\"],\"inLanguage\":\"en-US\"},{\"@type\":\"WebPage\",\"@id\":\"https:\\\/\\\/gnistan.fi\\\/2020\\\/12\\\/samu-volotinen-gnistanin-maalinsuulle\\\/\",\"url\":\"https:\\\/\\\/gnistan.fi\\\/2020\\\/12\\\/samu-volotinen-gnistanin-maalinsuulle\\\/\",\"name\":\"Samu Volotinen Gnistanin maalinsuulle - IF Gnistan\",\"isPartOf\":{\"@id\":\"https:\\\/\\\/gnistan.fi\\\/#website\"},\"primaryImageOfPage\":{\"@id\":\"https:\\\/\\\/gnistan.fi\\\/2020\\\/12\\\/samu-volotinen-gnistanin-maalinsuulle\\\/#primaryimage\"},\"image\":{\"@id\":\"https:\\\/\\\/gnistan.fi\\\/2020\\\/12\\\/samu-volotinen-gnistanin-maalinsuulle\\\/#primaryimage\"},\"thumbnailUrl\":\"https:\\\/\\\/gnistan.fi\\\/wp-content\\\/uploads\\\/2024\\\/11\\\/gnistan-default-featured-2024-c.webp\",\"datePublished\":\"2020-12-01T09:40:20+00:00\",\"dateModified\":\"2020-12-01T09:41:42+00:00\",\"breadcrumb\":{\"@id\":\"https:\\\/\\\/gnistan.fi\\\/2020\\\/12\\\/samu-volotinen-gnistanin-maalinsuulle\\\/#breadcrumb\"},\"inLanguage\":\"en-US\",\"potentialAction\":[{\"@type\":\"ReadAction\",\"target\":[\"https:\\\/\\\/gnistan.fi\\\/2020\\\/12\\\/samu-volotinen-gnistanin-maalinsuulle\\\/\"]}]},{\"@type\":\"ImageObject\",\"inLanguage\":\"en-US\",\"@id\":\"https:\\\/\\\/gnistan.fi\\\/2020\\\/12\\\/samu-volotinen-gnistanin-maalinsuulle\\\/#primaryimage\",\"url\":\"https:\\\/\\\/gnistan.fi\\\/wp-content\\\/uploads\\\/2024\\\/11\\\/gnistan-default-featured-2024-c.webp\",\"contentUrl\":\"https:\\\/\\\/gnistan.fi\\\/wp-content\\\/uploads\\\/2024\\\/11\\\/gnistan-default-featured-2024-c.webp\",\"width\":1920,\"height\":1080},{\"@type\":\"BreadcrumbList\",\"@id\":\"https:\\\/\\\/gnistan.fi\\\/2020\\\/12\\\/samu-volotinen-gnistanin-maalinsuulle\\\/#breadcrumb\",\"itemListElement\":[{\"@type\":\"ListItem\",\"position\":1,\"name\":\"Etusivu\",\"item\":\"https:\\\/\\\/gnistan.fi\\\/\"},{\"@type\":\"ListItem\",\"position\":2,\"name\":\"Samu Volotinen Gnistanin maalinsuulle\"}]},{\"@type\":\"WebSite\",\"@id\":\"https:\\\/\\\/gnistan.fi\\\/#website\",\"url\":\"https:\\\/\\\/gnistan.fi\\\/\",\"name\":\"IF Gnistan\",\"description\":\"Viralliset sivut\",\"publisher\":{\"@id\":\"https:\\\/\\\/gnistan.fi\\\/#organization\"},\"potentialAction\":[{\"@type\":\"SearchAction\",\"target\":{\"@type\":\"EntryPoint\",\"urlTemplate\":\"https:\\\/\\\/gnistan.fi\\\/?s={search_term_string}\"},\"query-input\":{\"@type\":\"PropertyValueSpecification\",\"valueRequired\":true,\"valueName\":\"search_term_string\"}}],\"inLanguage\":\"en-US\"},{\"@type\":\"Organization\",\"@id\":\"https:\\\/\\\/gnistan.fi\\\/#organization\",\"name\":\"IF Gnistan\",\"url\":\"https:\\\/\\\/gnistan.fi\\\/\",\"logo\":{\"@type\":\"ImageObject\",\"inLanguage\":\"en-US\",\"@id\":\"https:\\\/\\\/gnistan.fi\\\/#\\\/schema\\\/logo\\\/image\\\/\",\"url\":\"https:\\\/\\\/gnistan.fi\\\/wp-content\\\/uploads\\\/2019\\\/10\\\/if-gnistan-vector-logo.svg\",\"contentUrl\":\"https:\\\/\\\/gnistan.fi\\\/wp-content\\\/uploads\\\/2019\\\/10\\\/if-gnistan-vector-logo.svg\",\"width\":269,\"height\":314,\"caption\":\"IF Gnistan\"},\"image\":{\"@id\":\"https:\\\/\\\/gnistan.fi\\\/#\\\/schema\\\/logo\\\/image\\\/\"},\"sameAs\":[\"https:\\\/\\\/facebook.com\\\/ifgnistan\",\"https:\\\/\\\/x.com\\\/ifgnistan1924\",\"https:\\\/\\\/instagram.com\\\/ifgnistan1924\",\"https:\\\/\\\/www.linkedin.com\\\/company\\\/ifgnistan\\\/\"]},{\"@type\":\"Person\",\"@id\":\"https:\\\/\\\/gnistan.fi\\\/#\\\/schema\\\/person\\\/9453a46d4b745a5a7305c925ffdcbbe9\",\"name\":\"kasper\",\"image\":{\"@type\":\"ImageObject\",\"inLanguage\":\"en-US\",\"@id\":\"https:\\\/\\\/secure.gravatar.com\\\/avatar\\\/084482aa74fd27b4e4ee788e9be1bbdc557d4c0760400571f2192f4d7ee2b2c9?s=96&d=mm&r=g\",\"url\":\"https:\\\/\\\/secure.gravatar.com\\\/avatar\\\/084482aa74fd27b4e4ee788e9be1bbdc557d4c0760400571f2192f4d7ee2b2c9?s=96&d=mm&r=g\",\"contentUrl\":\"https:\\\/\\\/secure.gravatar.com\\\/avatar\\\/084482aa74fd27b4e4ee788e9be1bbdc557d4c0760400571f2192f4d7ee2b2c9?s=96&d=mm&r=g\",\"caption\":\"kasper\"},\"url\":\"https:\\\/\\\/gnistan.fi\\\/en\\\/author\\\/kasper\\\/\"}]}<\/script>\n<!-- \/ Yoast SEO plugin. -->","yoast_head_json":{"title":"Samu Volotinen Gnistanin maalinsuulle - IF Gnistan","robots":{"index":"index","follow":"follow","max-snippet":"max-snippet:-1","max-image-preview":"max-image-preview:large","max-video-preview":"max-video-preview:-1"},"canonical":"https:\/\/gnistan.fi\/en\/2020\/12\/samu-volotinen-gnistanin-maalinsuulle\/","og_locale":"en_US","og_type":"article","og_title":"Samu Volotinen Gnistanin maalinsuulle - IF Gnistan","og_description":"Gnistan vahvistaa maalivahtiosastoaan Kyproksen Apollon Limassolista siirtyv\u00e4ll\u00e4 Samu Volotisella.","og_url":"https:\/\/gnistan.fi\/en\/2020\/12\/samu-volotinen-gnistanin-maalinsuulle\/","og_site_name":"IF Gnistan","article_publisher":"https:\/\/facebook.com\/ifgnistan","article_published_time":"2020-12-01T09:40:20+00:00","article_modified_time":"2020-12-01T09:41:42+00:00","og_image":[{"width":1920,"height":1080,"url":"https:\/\/gnistan.fi\/wp-content\/uploads\/2024\/11\/gnistan-default-featured-2024-c.webp","type":"image\/webp"}],"author":"kasper","twitter_card":"summary_large_image","twitter_creator":"@ifgnistan1924","twitter_site":"@ifgnistan1924","twitter_misc":{"Written by":"kasper","Est. reading time":"1 minute"},"schema":{"@context":"https:\/\/schema.org","@graph":[{"@type":"Article","@id":"https:\/\/gnistan.fi\/2020\/12\/samu-volotinen-gnistanin-maalinsuulle\/#article","isPartOf":{"@id":"https:\/\/gnistan.fi\/2020\/12\/samu-volotinen-gnistanin-maalinsuulle\/"},"author":{"name":"kasper","@id":"https:\/\/gnistan.fi\/#\/schema\/person\/9453a46d4b745a5a7305c925ffdcbbe9"},"headline":"Samu Volotinen Gnistanin maalinsuulle","datePublished":"2020-12-01T09:40:20+00:00","dateModified":"2020-12-01T09:41:42+00:00","mainEntityOfPage":{"@id":"https:\/\/gnistan.fi\/2020\/12\/samu-volotinen-gnistanin-maalinsuulle\/"},"wordCount":164,"publisher":{"@id":"https:\/\/gnistan.fi\/#organization"},"image":{"@id":"https:\/\/gnistan.fi\/2020\/12\/samu-volotinen-gnistanin-maalinsuulle\/#primaryimage"},"thumbnailUrl":"https:\/\/gnistan.fi\/wp-content\/uploads\/2024\/11\/gnistan-default-featured-2024-c.webp","articleSection":["Uutinen"],"inLanguage":"en-US"},{"@type":"WebPage","@id":"https:\/\/gnistan.fi\/2020\/12\/samu-volotinen-gnistanin-maalinsuulle\/","url":"https:\/\/gnistan.fi\/2020\/12\/samu-volotinen-gnistanin-maalinsuulle\/","name":"Samu Volotinen Gnistanin maalinsuulle - IF Gnistan","isPartOf":{"@id":"https:\/\/gnistan.fi\/#website"},"primaryImageOfPage":{"@id":"https:\/\/gnistan.fi\/2020\/12\/samu-volotinen-gnistanin-maalinsuulle\/#primaryimage"},"image":{"@id":"https:\/\/gnistan.fi\/2020\/12\/samu-volotinen-gnistanin-maalinsuulle\/#primaryimage"},"thumbnailUrl":"https:\/\/gnistan.fi\/wp-content\/uploads\/2024\/11\/gnistan-default-featured-2024-c.webp","datePublished":"2020-12-01T09:40:20+00:00","dateModified":"2020-12-01T09:41:42+00:00","breadcrumb":{"@id":"https:\/\/gnistan.fi\/2020\/12\/samu-volotinen-gnistanin-maalinsuulle\/#breadcrumb"},"inLanguage":"en-US","potentialAction":[{"@type":"ReadAction","target":["https:\/\/gnistan.fi\/2020\/12\/samu-volotinen-gnistanin-maalinsuulle\/"]}]},{"@type":"ImageObject","inLanguage":"en-US","@id":"https:\/\/gnistan.fi\/2020\/12\/samu-volotinen-gnistanin-maalinsuulle\/#primaryimage","url":"https:\/\/gnistan.fi\/wp-content\/uploads\/2024\/11\/gnistan-default-featured-2024-c.webp","contentUrl":"https:\/\/gnistan.fi\/wp-content\/uploads\/2024\/11\/gnistan-default-featured-2024-c.webp","width":1920,"height":1080},{"@type":"BreadcrumbList","@id":"https:\/\/gnistan.fi\/2020\/12\/samu-volotinen-gnistanin-maalinsuulle\/#breadcrumb","itemListElement":[{"@type":"ListItem","position":1,"name":"Etusivu","item":"https:\/\/gnistan.fi\/"},{"@type":"ListItem","position":2,"name":"Samu Volotinen Gnistanin maalinsuulle"}]},{"@type":"WebSite","@id":"https:\/\/gnistan.fi\/#website","url":"https:\/\/gnistan.fi\/","name":"IF Gnistan","description":"Viralliset sivut","publisher":{"@id":"https:\/\/gnistan.fi\/#organization"},"potentialAction":[{"@type":"SearchAction","target":{"@type":"EntryPoint","urlTemplate":"https:\/\/gnistan.fi\/?s={search_term_string}"},"query-input":{"@type":"PropertyValueSpecification","valueRequired":true,"valueName":"search_term_string"}}],"inLanguage":"en-US"},{"@type":"Organization","@id":"https:\/\/gnistan.fi\/#organization","name":"IF Gnistan","url":"https:\/\/gnistan.fi\/","logo":{"@type":"ImageObject","inLanguage":"en-US","@id":"https:\/\/gnistan.fi\/#\/schema\/logo\/image\/","url":"https:\/\/gnistan.fi\/wp-content\/uploads\/2019\/10\/if-gnistan-vector-logo.svg","contentUrl":"https:\/\/gnistan.fi\/wp-content\/uploads\/2019\/10\/if-gnistan-vector-logo.svg","width":269,"height":314,"caption":"IF Gnistan"},"image":{"@id":"https:\/\/gnistan.fi\/#\/schema\/logo\/image\/"},"sameAs":["https:\/\/facebook.com\/ifgnistan","https:\/\/x.com\/ifgnistan1924","https:\/\/instagram.com\/ifgnistan1924","https:\/\/www.linkedin.com\/company\/ifgnistan\/"]},{"@type":"Person","@id":"https:\/\/gnistan.fi\/#\/schema\/person\/9453a46d4b745a5a7305c925ffdcbbe9","name":"kasper","image":{"@type":"ImageObject","inLanguage":"en-US","@id":"https:\/\/secure.gravatar.com\/avatar\/084482aa74fd27b4e4ee788e9be1bbdc557d4c0760400571f2192f4d7ee2b2c9?s=96&d=mm&r=g","url":"https:\/\/secure.gravatar.com\/avatar\/084482aa74fd27b4e4ee788e9be1bbdc557d4c0760400571f2192f4d7ee2b2c9?s=96&d=mm&r=g","contentUrl":"https:\/\/secure.gravatar.com\/avatar\/084482aa74fd27b4e4ee788e9be1bbdc557d4c0760400571f2192f4d7ee2b2c9?s=96&d=mm&r=g","caption":"kasper"},"url":"https:\/\/gnistan.fi\/en\/author\/kasper\/"}]}},"jetpack_featured_media_url":"https:\/\/gnistan.fi\/wp-content\/uploads\/2024\/11\/gnistan-default-featured-2024-c.webp","jetpack_sharing_enabled":true,"_links":{"self":[{"href":"https:\/\/gnistan.fi\/en\/wp-json\/wp\/v2\/posts\/17428","targetHints":{"allow":["GET"]}}],"collection":[{"href":"https:\/\/gnistan.fi\/en\/wp-json\/wp\/v2\/posts"}],"about":[{"href":"https:\/\/gnistan.fi\/en\/wp-json\/wp\/v2\/types\/post"}],"author":[{"embeddable":true,"href":"https:\/\/gnistan.fi\/en\/wp-json\/wp\/v2\/users\/4"}],"replies":[{"embeddable":true,"href":"https:\/\/gnistan.fi\/en\/wp-json\/wp\/v2\/comments?post=17428"}],"version-history":[{"count":5,"href":"https:\/\/gnistan.fi\/en\/wp-json\/wp\/v2\/posts\/17428\/revisions"}],"predecessor-version":[{"id":17435,"href":"https:\/\/gnistan.fi\/en\/wp-json\/wp\/v2\/posts\/17428\/revisions\/17435"}],"wp:featuredmedia":[{"embeddable":true,"href":"https:\/\/gnistan.fi\/en\/wp-json\/wp\/v2\/media\/36703"}],"wp:attachment":[{"href":"https:\/\/gnistan.fi\/en\/wp-json\/wp\/v2\/media?parent=17428"}],"wp:term":[{"taxonomy":"category","embeddable":true,"href":"https:\/\/gnistan.fi\/en\/wp-json\/wp\/v2\/categories?post=17428"},{"taxonomy":"post_tag","embeddable":true,"href":"https:\/\/gnistan.fi\/en\/wp-json\/wp\/v2\/tags?post=17428"}],"curies":[{"name":"wp","href":"https:\/\/api.w.org\/{rel}","templated":true}]}}