{"id":16493,"date":"2020-08-01T20:10:07","date_gmt":"2020-08-01T17:10:07","guid":{"rendered":"https:\/\/gnistan.fi\/?p=16493"},"modified":"2020-08-01T20:10:58","modified_gmt":"2020-08-01T17:10:58","slug":"manel-subirats-seka-elijah-akin-if-gnistaniin","status":"publish","type":"post","link":"https:\/\/gnistan.fi\/en\/2020\/08\/manel-subirats-seka-elijah-akin-if-gnistaniin\/","title":{"rendered":"Manel Subirats sek\u00e4 Elijah Akin IF Gnistaniin"},"content":{"rendered":"<p>Laitapuolustajana parhaiten viihtyv\u00e4 34-vuotias espanjalainen <strong>Manel Subirats<\/strong> on pelannut uransa aikana Suomen kentill\u00e4 Legiruksess\u00e4 sek\u00e4 KTP:ss\u00e4, jota h\u00e4n on edustanut kolmena edellisen\u00e4 kautena kuuluen kotkalaisten avainpelaajiin Ykk\u00f6sess\u00e4 sek\u00e4 Kakkosessa. Kesken viime kauden Subirats siirtyi KTP:st\u00e4 takaisin kotimaan kentille, jossa h\u00e4n edusti SD Formenteraa Espanjan nelj\u00e4nneksi ylimm\u00e4ll\u00e4 sarjatasolla. <\/p>\n\n\n\n<p>&#8211; Olen todella iloinen jatkaessani peliuraa Suomessa. Olen ollut t\u00e4\u00e4ll\u00e4<br>jo viisi vuotta ja olen aina sanonut tuntevani oloni t\u00e4\u00e4ll\u00e4 kuin<br>kotonani. T\u00e4m\u00e4n lis\u00e4ksi olen iloinen liittyess\u00e4ni IF Gnistaniin, koska se on<br>t\u00e4rke\u00e4 seura p\u00e4\u00e4kaupunkiseudulla ja on kunnia pelata t\u00e4ss\u00e4 paidassa.<br>Haluan tuoda oman panokseni sek\u00e4 osaamiseni joukkueelle ja auttaa<br>Gnistania saavuttamaan sen aseman mik\u00e4 sille kuuluu, kertoo Subirats.<\/p>\n\n\n\n<p>Gnistanin toinen uusi vahvistus on 21-vuotias yhdysvaltalainen <strong>Elijah<\/strong> <strong>Akin<\/strong>, joka siirtyy seuran riveihin Ykk\u00f6sen Musan Salamasta. Akin purki pelaajasopimuksen porilaisten kanssa t\u00e4m\u00e4n viikon torstaina ja liittyi Gnistanin harjoitusvahvuuteen t\u00e4n\u00e4\u00e4n. Topparin sek\u00e4 laitapuolustajan paikoilla viihtyv\u00e4 21-vuotias Akin siirtyi Suomeen kaudelle 2019 Atlantiksen riveihin Gibraltarin p\u00e4\u00e4sarjan FC Boca Gibraltarista. Viime talvena miehen matka jatkui Poriin ja MuSa:n riveihin, jossa Akin ehti my\u00f6s pelata jo Gnistania vastaan t\u00e4yden ottelun Suomen Cupissa.<\/p>\n\n\n\n<p>&#8211; Todella hyv\u00e4ll\u00e4 fiiliksell\u00e4 liityn Gnistanin riveihin. Meill\u00e4 on<br>loistavia pelaajia ja taustahenkil\u00f6it\u00e4 t\u00e4\u00e4ll\u00e4 yhdess\u00e4. Toivon tuovani<br>lis\u00e4\u00e4 varmuutta joukkueen puolustukseen ja taistelevani pisteist\u00e4<br>parhaani mukaan jokaisessa ottelussa, Akin kertoo.<\/p>\n\n\n\n<p>Molemmat pelaajat ovat Gnistanin k\u00e4ytett\u00e4viss\u00e4 huomisessa ottelussa SJK Akatemiaa vastaan.<\/p>\n\n\n\n<p><\/p>","protected":false},"excerpt":{"rendered":"<p>IF Gnistan reagoi joukkuetta vaivaaviin loukkaantumisiin allekirjoittamalla<br \/>\nespanjalaisen Manel Subiratsin ja yhdysvaltalaisen Elijah Akinin kanssa loppukauden mittaiset pelaajasopimukset.<\/p>","protected":false},"author":7,"featured_media":16496,"comment_status":"closed","ping_status":"open","sticky":false,"template":"","format":"standard","meta":{"_acf_changed":false,"_jetpack_memberships_contains_paid_content":false,"footnotes":""},"categories":[24],"tags":[],"class_list":["post-16493","post","type-post","status-publish","format-standard","has-post-thumbnail","hentry","category-uutiset"],"acf":[],"yoast_head":"<!-- This site is optimized with the Yoast SEO plugin v27.4 - https:\/\/yoast.com\/product\/yoast-seo-wordpress\/ -->\n<title>Manel Subirats sek\u00e4 Elijah Akin IF Gnistaniin - IF Gnistan<\/title>\n<meta name=\"robots\" content=\"index, follow, max-snippet:-1, max-image-preview:large, max-video-preview:-1\" \/>\n<link rel=\"canonical\" href=\"https:\/\/gnistan.fi\/en\/2020\/08\/manel-subirats-seka-elijah-akin-if-gnistaniin\/\" \/>\n<meta property=\"og:locale\" content=\"en_US\" \/>\n<meta property=\"og:type\" content=\"article\" \/>\n<meta property=\"og:title\" content=\"Manel Subirats sek\u00e4 Elijah Akin IF Gnistaniin - IF Gnistan\" \/>\n<meta property=\"og:description\" content=\"IF Gnistan reagoi joukkuetta vaivaaviin loukkaantumisiin allekirjoittamalla espanjalaisen Manel Subiratsin ja yhdysvaltalaisen Elijah Akinin kanssa loppukauden mittaiset pelaajasopimukset.\" \/>\n<meta property=\"og:url\" content=\"https:\/\/gnistan.fi\/en\/2020\/08\/manel-subirats-seka-elijah-akin-if-gnistaniin\/\" \/>\n<meta property=\"og:site_name\" content=\"IF Gnistan\" \/>\n<meta property=\"article:publisher\" content=\"https:\/\/facebook.com\/ifgnistan\" \/>\n<meta property=\"article:published_time\" content=\"2020-08-01T17:10:07+00:00\" \/>\n<meta property=\"article:modified_time\" content=\"2020-08-01T17:10:58+00:00\" \/>\n<meta property=\"og:image\" content=\"https:\/\/gnistan.fi\/wp-content\/uploads\/2020\/08\/Elijah-ja-Manel.jpg\" \/>\n\t<meta property=\"og:image:width\" content=\"1024\" \/>\n\t<meta property=\"og:image:height\" content=\"558\" \/>\n\t<meta property=\"og:image:type\" content=\"image\/jpeg\" \/>\n<meta name=\"author\" content=\"Eelis Goebel\" \/>\n<meta name=\"twitter:card\" content=\"summary_large_image\" \/>\n<meta name=\"twitter:creator\" content=\"@ifgnistan1924\" \/>\n<meta name=\"twitter:site\" content=\"@ifgnistan1924\" \/>\n<meta name=\"twitter:label1\" content=\"Written by\" \/>\n\t<meta name=\"twitter:data1\" content=\"Eelis Goebel\" \/>\n\t<meta name=\"twitter:label2\" content=\"Est. reading time\" \/>\n\t<meta name=\"twitter:data2\" content=\"1 minute\" \/>\n<script type=\"application\/ld+json\" class=\"yoast-schema-graph\">{\"@context\":\"https:\\\/\\\/schema.org\",\"@graph\":[{\"@type\":\"Article\",\"@id\":\"https:\\\/\\\/gnistan.fi\\\/2020\\\/08\\\/manel-subirats-seka-elijah-akin-if-gnistaniin\\\/#article\",\"isPartOf\":{\"@id\":\"https:\\\/\\\/gnistan.fi\\\/2020\\\/08\\\/manel-subirats-seka-elijah-akin-if-gnistaniin\\\/\"},\"author\":{\"name\":\"Eelis Goebel\",\"@id\":\"https:\\\/\\\/gnistan.fi\\\/#\\\/schema\\\/person\\\/fb5c3a6e7ca30477f9274c9338b43c4d\"},\"headline\":\"Manel Subirats sek\u00e4 Elijah Akin IF Gnistaniin\",\"datePublished\":\"2020-08-01T17:10:07+00:00\",\"dateModified\":\"2020-08-01T17:10:58+00:00\",\"mainEntityOfPage\":{\"@id\":\"https:\\\/\\\/gnistan.fi\\\/2020\\\/08\\\/manel-subirats-seka-elijah-akin-if-gnistaniin\\\/\"},\"wordCount\":245,\"publisher\":{\"@id\":\"https:\\\/\\\/gnistan.fi\\\/#organization\"},\"image\":{\"@id\":\"https:\\\/\\\/gnistan.fi\\\/2020\\\/08\\\/manel-subirats-seka-elijah-akin-if-gnistaniin\\\/#primaryimage\"},\"thumbnailUrl\":\"https:\\\/\\\/gnistan.fi\\\/wp-content\\\/uploads\\\/2020\\\/08\\\/Elijah-ja-Manel.jpg\",\"articleSection\":[\"Uutiset\"],\"inLanguage\":\"en-US\"},{\"@type\":\"WebPage\",\"@id\":\"https:\\\/\\\/gnistan.fi\\\/2020\\\/08\\\/manel-subirats-seka-elijah-akin-if-gnistaniin\\\/\",\"url\":\"https:\\\/\\\/gnistan.fi\\\/2020\\\/08\\\/manel-subirats-seka-elijah-akin-if-gnistaniin\\\/\",\"name\":\"Manel Subirats sek\u00e4 Elijah Akin IF Gnistaniin - IF Gnistan\",\"isPartOf\":{\"@id\":\"https:\\\/\\\/gnistan.fi\\\/#website\"},\"primaryImageOfPage\":{\"@id\":\"https:\\\/\\\/gnistan.fi\\\/2020\\\/08\\\/manel-subirats-seka-elijah-akin-if-gnistaniin\\\/#primaryimage\"},\"image\":{\"@id\":\"https:\\\/\\\/gnistan.fi\\\/2020\\\/08\\\/manel-subirats-seka-elijah-akin-if-gnistaniin\\\/#primaryimage\"},\"thumbnailUrl\":\"https:\\\/\\\/gnistan.fi\\\/wp-content\\\/uploads\\\/2020\\\/08\\\/Elijah-ja-Manel.jpg\",\"datePublished\":\"2020-08-01T17:10:07+00:00\",\"dateModified\":\"2020-08-01T17:10:58+00:00\",\"breadcrumb\":{\"@id\":\"https:\\\/\\\/gnistan.fi\\\/2020\\\/08\\\/manel-subirats-seka-elijah-akin-if-gnistaniin\\\/#breadcrumb\"},\"inLanguage\":\"en-US\",\"potentialAction\":[{\"@type\":\"ReadAction\",\"target\":[\"https:\\\/\\\/gnistan.fi\\\/2020\\\/08\\\/manel-subirats-seka-elijah-akin-if-gnistaniin\\\/\"]}]},{\"@type\":\"ImageObject\",\"inLanguage\":\"en-US\",\"@id\":\"https:\\\/\\\/gnistan.fi\\\/2020\\\/08\\\/manel-subirats-seka-elijah-akin-if-gnistaniin\\\/#primaryimage\",\"url\":\"https:\\\/\\\/gnistan.fi\\\/wp-content\\\/uploads\\\/2020\\\/08\\\/Elijah-ja-Manel.jpg\",\"contentUrl\":\"https:\\\/\\\/gnistan.fi\\\/wp-content\\\/uploads\\\/2020\\\/08\\\/Elijah-ja-Manel.jpg\",\"width\":1024,\"height\":558},{\"@type\":\"BreadcrumbList\",\"@id\":\"https:\\\/\\\/gnistan.fi\\\/2020\\\/08\\\/manel-subirats-seka-elijah-akin-if-gnistaniin\\\/#breadcrumb\",\"itemListElement\":[{\"@type\":\"ListItem\",\"position\":1,\"name\":\"Etusivu\",\"item\":\"https:\\\/\\\/gnistan.fi\\\/\"},{\"@type\":\"ListItem\",\"position\":2,\"name\":\"Manel Subirats sek\u00e4 Elijah Akin IF Gnistaniin\"}]},{\"@type\":\"WebSite\",\"@id\":\"https:\\\/\\\/gnistan.fi\\\/#website\",\"url\":\"https:\\\/\\\/gnistan.fi\\\/\",\"name\":\"IF Gnistan\",\"description\":\"Viralliset sivut\",\"publisher\":{\"@id\":\"https:\\\/\\\/gnistan.fi\\\/#organization\"},\"potentialAction\":[{\"@type\":\"SearchAction\",\"target\":{\"@type\":\"EntryPoint\",\"urlTemplate\":\"https:\\\/\\\/gnistan.fi\\\/?s={search_term_string}\"},\"query-input\":{\"@type\":\"PropertyValueSpecification\",\"valueRequired\":true,\"valueName\":\"search_term_string\"}}],\"inLanguage\":\"en-US\"},{\"@type\":\"Organization\",\"@id\":\"https:\\\/\\\/gnistan.fi\\\/#organization\",\"name\":\"IF Gnistan\",\"url\":\"https:\\\/\\\/gnistan.fi\\\/\",\"logo\":{\"@type\":\"ImageObject\",\"inLanguage\":\"en-US\",\"@id\":\"https:\\\/\\\/gnistan.fi\\\/#\\\/schema\\\/logo\\\/image\\\/\",\"url\":\"https:\\\/\\\/gnistan.fi\\\/wp-content\\\/uploads\\\/2019\\\/10\\\/if-gnistan-vector-logo.svg\",\"contentUrl\":\"https:\\\/\\\/gnistan.fi\\\/wp-content\\\/uploads\\\/2019\\\/10\\\/if-gnistan-vector-logo.svg\",\"width\":269,\"height\":314,\"caption\":\"IF Gnistan\"},\"image\":{\"@id\":\"https:\\\/\\\/gnistan.fi\\\/#\\\/schema\\\/logo\\\/image\\\/\"},\"sameAs\":[\"https:\\\/\\\/facebook.com\\\/ifgnistan\",\"https:\\\/\\\/x.com\\\/ifgnistan1924\",\"https:\\\/\\\/instagram.com\\\/ifgnistan1924\",\"https:\\\/\\\/www.linkedin.com\\\/company\\\/ifgnistan\\\/\"]},{\"@type\":\"Person\",\"@id\":\"https:\\\/\\\/gnistan.fi\\\/#\\\/schema\\\/person\\\/fb5c3a6e7ca30477f9274c9338b43c4d\",\"name\":\"Eelis Goebel\",\"image\":{\"@type\":\"ImageObject\",\"inLanguage\":\"en-US\",\"@id\":\"https:\\\/\\\/secure.gravatar.com\\\/avatar\\\/5a24bb5aabe76d144803446c6352a2b495411ea1880cb3f1576c4af9968e5976?s=96&d=mm&r=g\",\"url\":\"https:\\\/\\\/secure.gravatar.com\\\/avatar\\\/5a24bb5aabe76d144803446c6352a2b495411ea1880cb3f1576c4af9968e5976?s=96&d=mm&r=g\",\"contentUrl\":\"https:\\\/\\\/secure.gravatar.com\\\/avatar\\\/5a24bb5aabe76d144803446c6352a2b495411ea1880cb3f1576c4af9968e5976?s=96&d=mm&r=g\",\"caption\":\"Eelis Goebel\"},\"url\":\"https:\\\/\\\/gnistan.fi\\\/en\\\/author\\\/eelis\\\/\"}]}<\/script>\n<!-- \/ Yoast SEO plugin. -->","yoast_head_json":{"title":"Manel Subirats sek\u00e4 Elijah Akin IF Gnistaniin - IF Gnistan","robots":{"index":"index","follow":"follow","max-snippet":"max-snippet:-1","max-image-preview":"max-image-preview:large","max-video-preview":"max-video-preview:-1"},"canonical":"https:\/\/gnistan.fi\/en\/2020\/08\/manel-subirats-seka-elijah-akin-if-gnistaniin\/","og_locale":"en_US","og_type":"article","og_title":"Manel Subirats sek\u00e4 Elijah Akin IF Gnistaniin - IF Gnistan","og_description":"IF Gnistan reagoi joukkuetta vaivaaviin loukkaantumisiin allekirjoittamalla espanjalaisen Manel Subiratsin ja yhdysvaltalaisen Elijah Akinin kanssa loppukauden mittaiset pelaajasopimukset.","og_url":"https:\/\/gnistan.fi\/en\/2020\/08\/manel-subirats-seka-elijah-akin-if-gnistaniin\/","og_site_name":"IF Gnistan","article_publisher":"https:\/\/facebook.com\/ifgnistan","article_published_time":"2020-08-01T17:10:07+00:00","article_modified_time":"2020-08-01T17:10:58+00:00","og_image":[{"width":1024,"height":558,"url":"https:\/\/gnistan.fi\/wp-content\/uploads\/2020\/08\/Elijah-ja-Manel.jpg","type":"image\/jpeg"}],"author":"Eelis Goebel","twitter_card":"summary_large_image","twitter_creator":"@ifgnistan1924","twitter_site":"@ifgnistan1924","twitter_misc":{"Written by":"Eelis Goebel","Est. reading time":"1 minute"},"schema":{"@context":"https:\/\/schema.org","@graph":[{"@type":"Article","@id":"https:\/\/gnistan.fi\/2020\/08\/manel-subirats-seka-elijah-akin-if-gnistaniin\/#article","isPartOf":{"@id":"https:\/\/gnistan.fi\/2020\/08\/manel-subirats-seka-elijah-akin-if-gnistaniin\/"},"author":{"name":"Eelis Goebel","@id":"https:\/\/gnistan.fi\/#\/schema\/person\/fb5c3a6e7ca30477f9274c9338b43c4d"},"headline":"Manel Subirats sek\u00e4 Elijah Akin IF Gnistaniin","datePublished":"2020-08-01T17:10:07+00:00","dateModified":"2020-08-01T17:10:58+00:00","mainEntityOfPage":{"@id":"https:\/\/gnistan.fi\/2020\/08\/manel-subirats-seka-elijah-akin-if-gnistaniin\/"},"wordCount":245,"publisher":{"@id":"https:\/\/gnistan.fi\/#organization"},"image":{"@id":"https:\/\/gnistan.fi\/2020\/08\/manel-subirats-seka-elijah-akin-if-gnistaniin\/#primaryimage"},"thumbnailUrl":"https:\/\/gnistan.fi\/wp-content\/uploads\/2020\/08\/Elijah-ja-Manel.jpg","articleSection":["Uutiset"],"inLanguage":"en-US"},{"@type":"WebPage","@id":"https:\/\/gnistan.fi\/2020\/08\/manel-subirats-seka-elijah-akin-if-gnistaniin\/","url":"https:\/\/gnistan.fi\/2020\/08\/manel-subirats-seka-elijah-akin-if-gnistaniin\/","name":"Manel Subirats sek\u00e4 Elijah Akin IF Gnistaniin - IF Gnistan","isPartOf":{"@id":"https:\/\/gnistan.fi\/#website"},"primaryImageOfPage":{"@id":"https:\/\/gnistan.fi\/2020\/08\/manel-subirats-seka-elijah-akin-if-gnistaniin\/#primaryimage"},"image":{"@id":"https:\/\/gnistan.fi\/2020\/08\/manel-subirats-seka-elijah-akin-if-gnistaniin\/#primaryimage"},"thumbnailUrl":"https:\/\/gnistan.fi\/wp-content\/uploads\/2020\/08\/Elijah-ja-Manel.jpg","datePublished":"2020-08-01T17:10:07+00:00","dateModified":"2020-08-01T17:10:58+00:00","breadcrumb":{"@id":"https:\/\/gnistan.fi\/2020\/08\/manel-subirats-seka-elijah-akin-if-gnistaniin\/#breadcrumb"},"inLanguage":"en-US","potentialAction":[{"@type":"ReadAction","target":["https:\/\/gnistan.fi\/2020\/08\/manel-subirats-seka-elijah-akin-if-gnistaniin\/"]}]},{"@type":"ImageObject","inLanguage":"en-US","@id":"https:\/\/gnistan.fi\/2020\/08\/manel-subirats-seka-elijah-akin-if-gnistaniin\/#primaryimage","url":"https:\/\/gnistan.fi\/wp-content\/uploads\/2020\/08\/Elijah-ja-Manel.jpg","contentUrl":"https:\/\/gnistan.fi\/wp-content\/uploads\/2020\/08\/Elijah-ja-Manel.jpg","width":1024,"height":558},{"@type":"BreadcrumbList","@id":"https:\/\/gnistan.fi\/2020\/08\/manel-subirats-seka-elijah-akin-if-gnistaniin\/#breadcrumb","itemListElement":[{"@type":"ListItem","position":1,"name":"Etusivu","item":"https:\/\/gnistan.fi\/"},{"@type":"ListItem","position":2,"name":"Manel Subirats sek\u00e4 Elijah Akin IF Gnistaniin"}]},{"@type":"WebSite","@id":"https:\/\/gnistan.fi\/#website","url":"https:\/\/gnistan.fi\/","name":"IF Gnistan","description":"Viralliset sivut","publisher":{"@id":"https:\/\/gnistan.fi\/#organization"},"potentialAction":[{"@type":"SearchAction","target":{"@type":"EntryPoint","urlTemplate":"https:\/\/gnistan.fi\/?s={search_term_string}"},"query-input":{"@type":"PropertyValueSpecification","valueRequired":true,"valueName":"search_term_string"}}],"inLanguage":"en-US"},{"@type":"Organization","@id":"https:\/\/gnistan.fi\/#organization","name":"IF Gnistan","url":"https:\/\/gnistan.fi\/","logo":{"@type":"ImageObject","inLanguage":"en-US","@id":"https:\/\/gnistan.fi\/#\/schema\/logo\/image\/","url":"https:\/\/gnistan.fi\/wp-content\/uploads\/2019\/10\/if-gnistan-vector-logo.svg","contentUrl":"https:\/\/gnistan.fi\/wp-content\/uploads\/2019\/10\/if-gnistan-vector-logo.svg","width":269,"height":314,"caption":"IF Gnistan"},"image":{"@id":"https:\/\/gnistan.fi\/#\/schema\/logo\/image\/"},"sameAs":["https:\/\/facebook.com\/ifgnistan","https:\/\/x.com\/ifgnistan1924","https:\/\/instagram.com\/ifgnistan1924","https:\/\/www.linkedin.com\/company\/ifgnistan\/"]},{"@type":"Person","@id":"https:\/\/gnistan.fi\/#\/schema\/person\/fb5c3a6e7ca30477f9274c9338b43c4d","name":"Eelis Goebel","image":{"@type":"ImageObject","inLanguage":"en-US","@id":"https:\/\/secure.gravatar.com\/avatar\/5a24bb5aabe76d144803446c6352a2b495411ea1880cb3f1576c4af9968e5976?s=96&d=mm&r=g","url":"https:\/\/secure.gravatar.com\/avatar\/5a24bb5aabe76d144803446c6352a2b495411ea1880cb3f1576c4af9968e5976?s=96&d=mm&r=g","contentUrl":"https:\/\/secure.gravatar.com\/avatar\/5a24bb5aabe76d144803446c6352a2b495411ea1880cb3f1576c4af9968e5976?s=96&d=mm&r=g","caption":"Eelis Goebel"},"url":"https:\/\/gnistan.fi\/en\/author\/eelis\/"}]}},"jetpack_featured_media_url":"https:\/\/gnistan.fi\/wp-content\/uploads\/2020\/08\/Elijah-ja-Manel.jpg","jetpack_sharing_enabled":true,"_links":{"self":[{"href":"https:\/\/gnistan.fi\/en\/wp-json\/wp\/v2\/posts\/16493","targetHints":{"allow":["GET"]}}],"collection":[{"href":"https:\/\/gnistan.fi\/en\/wp-json\/wp\/v2\/posts"}],"about":[{"href":"https:\/\/gnistan.fi\/en\/wp-json\/wp\/v2\/types\/post"}],"author":[{"embeddable":true,"href":"https:\/\/gnistan.fi\/en\/wp-json\/wp\/v2\/users\/7"}],"replies":[{"embeddable":true,"href":"https:\/\/gnistan.fi\/en\/wp-json\/wp\/v2\/comments?post=16493"}],"version-history":[{"count":6,"href":"https:\/\/gnistan.fi\/en\/wp-json\/wp\/v2\/posts\/16493\/revisions"}],"predecessor-version":[{"id":16501,"href":"https:\/\/gnistan.fi\/en\/wp-json\/wp\/v2\/posts\/16493\/revisions\/16501"}],"wp:featuredmedia":[{"embeddable":true,"href":"https:\/\/gnistan.fi\/en\/wp-json\/wp\/v2\/media\/16496"}],"wp:attachment":[{"href":"https:\/\/gnistan.fi\/en\/wp-json\/wp\/v2\/media?parent=16493"}],"wp:term":[{"taxonomy":"category","embeddable":true,"href":"https:\/\/gnistan.fi\/en\/wp-json\/wp\/v2\/categories?post=16493"},{"taxonomy":"post_tag","embeddable":true,"href":"https:\/\/gnistan.fi\/en\/wp-json\/wp\/v2\/tags?post=16493"}],"curies":[{"name":"wp","href":"https:\/\/api.w.org\/{rel}","templated":true}]}}